{"id":295372,"date":"2023-04-28T08:20:04","date_gmt":"2023-04-28T05:20:04","guid":{"rendered":"http:\/\/sana.sy\/es\/?p=295372"},"modified":"2023-04-28T08:20:04","modified_gmt":"2023-04-28T05:20:04","slug":"pedro-castillo-sigo-siendo-el-presidente-constitucional-del-peru","status":"publish","type":"post","link":"https:\/\/archive.sana.sy\/es\/?p=295372","title":{"rendered":"Pedro Castillo: Sigo siendo el presidente constitucional del Per\u00fa"},"content":{"rendered":"<blockquote>\n<p style=\"text-align: justify;\"><span style=\"color: #993300;\">Las palabras de Castillo se dieron de una manera forzada porque fue interrumpido y censurado por el congresista Ventura, hasta que el parlamentario pidi\u00f3 apagarle el micr\u00f3fono del exmandatario.<\/span><\/p>\n<\/blockquote>\n<p style=\"text-align: justify;\"><span style=\"color: #800000;\"><strong>Lima, 28 abr (SANA)<\/strong><\/span> El depuesto mandatario Pedro Castillo asegur\u00f3 en su comparecencia ante la Comisi\u00f3n de Fiscalizaci\u00f3n del Congreso de Per\u00fa, que sigue siendo el presidente constitucional del pa\u00eds andino.<\/p>\n<p style=\"text-align: justify;\">&#8220;Sigo siendo el presidente constitucional del Per\u00fa&#8221;, dijo Castillo desde la prisi\u00f3n de Barbadillo, donde se encuentra privado de libertad desde diciembre pasado, se\u00f1alado por delitos de conspiraci\u00f3n e investigado por supuestas tramas de corrupci\u00f3n que le imputa la Fiscal\u00eda.<\/p>\n<p style=\"text-align: justify;\">Cuando el congresista H\u00e9ctor Ventura, de la bancada fujimorista Fuerza Popular y uno de los grupos opositores que actu\u00f3 de forma m\u00e1s radical contra el Gobierno de Castillo, le pidi\u00f3 que testificara bajo juramento, el exmandatario aprovech\u00f3 la oportunidad para hacer su aclaratoria y ratificar que sigue siendo Jefe de Estado.<\/p>\n<p style=\"text-align: justify;\">Castillo, adem\u00e1s, expres\u00f3 su &#8220;profunda solidaridad con las familias&#8221; de las v\u00edctimas asesinadas, heridas y torturadas, por la represi\u00f3n y violaciones contra los derechos humanos de la fuerza p\u00fablica durante el r\u00e9gimen de Dina Boluarte.<\/p>\n<p style=\"text-align: justify;\">Del mismo modo, denunci\u00f3 que con anterioridad hab\u00eda solicitado a la Comisi\u00f3n de Fiscalizaci\u00f3n del Congreso participar en esa citaci\u00f3n de manera presencial, pero esa instancia ha insistido en negar la posibilidad, alegando que cumple una medida de prisi\u00f3n preventiva.<\/p>\n<p style=\"text-align: justify;\">Las palabras de Castillo se dieron de una manera forzada porque fue interrumpido y censurado por el congresista Ventura, hasta que el parlamentario pidi\u00f3 apagarle el micr\u00f3fono del exmandatario.<\/p>\n<p style=\"text-align: justify;\"><em><strong>fm\/ah<\/strong><\/em><\/p>\n","protected":false},"excerpt":{"rendered":"<p>Las palabras de Castillo se dieron de una manera forzada porque fue interrumpido y censurado por el congresista Ventura, hasta que el parlamentario pidi\u00f3 apagarle el micr\u00f3fono del exmandatario. Lima, 28 abr (SANA) El depuesto mandatario Pedro Castillo asegur\u00f3 en su comparecencia ante la Comisi\u00f3n de Fiscalizaci\u00f3n del Congreso de Per\u00fa, que sigue siendo el &hellip;<\/p>\n","protected":false},"author":30,"featured_media":295373,"comment_status":"closed","ping_status":"closed","sticky":false,"template":"","format":"standard","meta":{"footnotes":""},"categories":[456,16687,20724],"tags":[],"class_list":["post-295372","post","type-post","status-publish","format-standard","has-post-thumbnail","","category-arabe-internacional-politica","category-internacionales","category-minuto-a-minuto"],"_links":{"self":[{"href":"https:\/\/archive.sana.sy\/es\/index.php?rest_route=\/wp\/v2\/posts\/295372"}],"collection":[{"href":"https:\/\/archive.sana.sy\/es\/index.php?rest_route=\/wp\/v2\/posts"}],"about":[{"href":"https:\/\/archive.sana.sy\/es\/index.php?rest_route=\/wp\/v2\/types\/post"}],"author":[{"embeddable":true,"href":"https:\/\/archive.sana.sy\/es\/index.php?rest_route=\/wp\/v2\/users\/30"}],"replies":[{"embeddable":true,"href":"https:\/\/archive.sana.sy\/es\/index.php?rest_route=%2Fwp%2Fv2%2Fcomments&post=295372"}],"version-history":[{"count":1,"href":"https:\/\/archive.sana.sy\/es\/index.php?rest_route=\/wp\/v2\/posts\/295372\/revisions"}],"predecessor-version":[{"id":295374,"href":"https:\/\/archive.sana.sy\/es\/index.php?rest_route=\/wp\/v2\/posts\/295372\/revisions\/295374"}],"wp:featuredmedia":[{"embeddable":true,"href":"https:\/\/archive.sana.sy\/es\/index.php?rest_route=\/wp\/v2\/media\/295373"}],"wp:attachment":[{"href":"https:\/\/archive.sana.sy\/es\/index.php?rest_route=%2Fwp%2Fv2%2Fmedia&parent=295372"}],"wp:term":[{"taxonomy":"category","embeddable":true,"href":"https:\/\/archive.sana.sy\/es\/index.php?rest_route=%2Fwp%2Fv2%2Fcategories&post=295372"},{"taxonomy":"post_tag","embeddable":true,"href":"https:\/\/archive.sana.sy\/es\/index.php?rest_route=%2Fwp%2Fv2%2Ftags&post=295372"}],"curies":[{"name":"wp","href":"https:\/\/api.w.org\/{rel}","templated":true}]}}