{"id":295378,"date":"2023-04-28T09:21:09","date_gmt":"2023-04-28T06:21:09","guid":{"rendered":"http:\/\/sana.sy\/es\/?p=295378"},"modified":"2023-04-28T09:21:09","modified_gmt":"2023-04-28T06:21:09","slug":"dos-profesionales-sirios-son-reconocidos-en-feria-internacional-de-moscu-arquimedes","status":"publish","type":"post","link":"https:\/\/archive.sana.sy\/es\/?p=295378","title":{"rendered":"Dos profesionales sirios son reconocidos en Feria Internacional de Mosc\u00fa \u201cArqu\u00edmedes\u201d"},"content":{"rendered":"<p style=\"text-align: justify;\"><span style=\"color: #800000;\"><strong>Damasco, 28 abr (SANA)<\/strong><\/span> El profesor Jihad Abu Nassar y la investigadora Alaa Debs de la Facultad de Odontolog\u00eda de la Universidad de Damasco ganaron hoy el premio de oro en la Feria Internacional de Mosc\u00fa de Invenciones e Innovaciones Tecnol\u00f3gicas (Arqu\u00edmedes).<\/p>\n<p style=\"text-align: justify;\">Los dos profesionales sirios merecieron este reconocimiento en el evento celebrado en Mosc\u00fa, por su invenci\u00f3n presentada en la feria bajo el t\u00edtulo &#8220;implante dental espinoso&#8221;.<\/p>\n<p style=\"text-align: justify;\">El dentista Abu Nassar declar\u00f3 a SANA que la invenci\u00f3n incluye la fabricaci\u00f3n de implantes dentales en Siria con un nuevo y especial dise\u00f1o, innovador y aplicable.<\/p>\n<p style=\"text-align: justify;\">\u201cAdem\u00e1s, estos implantes est\u00e1n hechos de circonio, no de metales, y tienen espinas que se fijan en el hueso, y se pueden implantar inmediatamente despu\u00e9s de extraer el diente y se caracterizan por la reducci\u00f3n de costos y la facilidad del proceso de fabricaci\u00f3n\u201d,agreg\u00f3.<\/p>\n<p style=\"text-align: justify;\"><em><strong>fm\/ah<\/strong><\/em><\/p>\n","protected":false},"excerpt":{"rendered":"<p>Damasco, 28 abr (SANA) El profesor Jihad Abu Nassar y la investigadora Alaa Debs de la Facultad de Odontolog\u00eda de la Universidad de Damasco ganaron hoy el premio de oro en la Feria Internacional de Mosc\u00fa de Invenciones e Innovaciones Tecnol\u00f3gicas (Arqu\u00edmedes). Los dos profesionales sirios merecieron este reconocimiento en el evento celebrado en Mosc\u00fa, &hellip;<\/p>\n","protected":false},"author":30,"featured_media":295379,"comment_status":"closed","ping_status":"closed","sticky":false,"template":"","format":"standard","meta":{"footnotes":""},"categories":[597,20724,467,7541],"tags":[],"class_list":["post-295378","post","type-post","status-publish","format-standard","has-post-thumbnail","","category-cinta-de-noticias","category-minuto-a-minuto","category-siria-y-el-mundo","category-ultimas-noticias"],"_links":{"self":[{"href":"https:\/\/archive.sana.sy\/es\/index.php?rest_route=\/wp\/v2\/posts\/295378"}],"collection":[{"href":"https:\/\/archive.sana.sy\/es\/index.php?rest_route=\/wp\/v2\/posts"}],"about":[{"href":"https:\/\/archive.sana.sy\/es\/index.php?rest_route=\/wp\/v2\/types\/post"}],"author":[{"embeddable":true,"href":"https:\/\/archive.sana.sy\/es\/index.php?rest_route=\/wp\/v2\/users\/30"}],"replies":[{"embeddable":true,"href":"https:\/\/archive.sana.sy\/es\/index.php?rest_route=%2Fwp%2Fv2%2Fcomments&post=295378"}],"version-history":[{"count":1,"href":"https:\/\/archive.sana.sy\/es\/index.php?rest_route=\/wp\/v2\/posts\/295378\/revisions"}],"predecessor-version":[{"id":295380,"href":"https:\/\/archive.sana.sy\/es\/index.php?rest_route=\/wp\/v2\/posts\/295378\/revisions\/295380"}],"wp:featuredmedia":[{"embeddable":true,"href":"https:\/\/archive.sana.sy\/es\/index.php?rest_route=\/wp\/v2\/media\/295379"}],"wp:attachment":[{"href":"https:\/\/archive.sana.sy\/es\/index.php?rest_route=%2Fwp%2Fv2%2Fmedia&parent=295378"}],"wp:term":[{"taxonomy":"category","embeddable":true,"href":"https:\/\/archive.sana.sy\/es\/index.php?rest_route=%2Fwp%2Fv2%2Fcategories&post=295378"},{"taxonomy":"post_tag","embeddable":true,"href":"https:\/\/archive.sana.sy\/es\/index.php?rest_route=%2Fwp%2Fv2%2Ftags&post=295378"}],"curies":[{"name":"wp","href":"https:\/\/api.w.org\/{rel}","templated":true}]}}