{"id":295387,"date":"2023-04-28T08:36:48","date_gmt":"2023-04-28T05:36:48","guid":{"rendered":"http:\/\/sana.sy\/es\/?p=295387"},"modified":"2023-04-28T10:37:49","modified_gmt":"2023-04-28T07:37:49","slug":"seguridad-tunecina-arresta-a-terroristas-en-un-suburbio-capitalino","status":"publish","type":"post","link":"https:\/\/archive.sana.sy\/es\/?p=295387","title":{"rendered":"Seguridad tunecina arresta a terroristas en un suburbio capitalino"},"content":{"rendered":"<p style=\"text-align: justify;\"><span style=\"color: #800000;\"><strong>T\u00fanez, 28 abr (SANA)<\/strong> <\/span>Las fuerzas de seguridad tunecinas han capturado a dos terroristas en la zona de Al Awina, un barrio capitalino, seg\u00fan anunci\u00f3 el Ministerio de Defensa del pa\u00eds.<\/p>\n<p style=\"text-align: justify;\">\u201cUnidades de la Direcci\u00f3n de Lucha Antiterrorista de la Guardia Nacional en Al Awina lograron capturar a dos terroristas buscados por las autoridades judiciales por pertenecer a una organizaci\u00f3n terrorista, y que tienen una sentencia judicial de 11 a\u00f1os de prisi\u00f3n y cinco a\u00f1os de vigilancia administrativa para cada uno\u201d, comunic\u00f3 la cartera tunecina de Interior, citada por la Agencia de Noticias de T\u00fanez \u00c1frica.<\/p>\n<p style=\"text-align: justify;\">Las fuerzas de seguridad tunecinas llevan a\u00f1os realizando operaciones de rastreo de grupos terroristas afiliados a c\u00e9lulas vinculadas a Al Qaeda y al Estado Isl\u00e1mico.<\/p>\n<p style=\"text-align: justify;\"><em><strong>ah\/fm<\/strong><\/em><\/p>\n","protected":false},"excerpt":{"rendered":"<p>T\u00fanez, 28 abr (SANA) Las fuerzas de seguridad tunecinas han capturado a dos terroristas en la zona de Al Awina, un barrio capitalino, seg\u00fan anunci\u00f3 el Ministerio de Defensa del pa\u00eds. \u201cUnidades de la Direcci\u00f3n de Lucha Antiterrorista de la Guardia Nacional en Al Awina lograron capturar a dos terroristas buscados por las autoridades judiciales &hellip;<\/p>\n","protected":false},"author":30,"featured_media":295388,"comment_status":"closed","ping_status":"closed","sticky":false,"template":"","format":"standard","meta":{"footnotes":""},"categories":[456,16687],"tags":[],"class_list":["post-295387","post","type-post","status-publish","format-standard","has-post-thumbnail","","category-arabe-internacional-politica","category-internacionales"],"_links":{"self":[{"href":"https:\/\/archive.sana.sy\/es\/index.php?rest_route=\/wp\/v2\/posts\/295387"}],"collection":[{"href":"https:\/\/archive.sana.sy\/es\/index.php?rest_route=\/wp\/v2\/posts"}],"about":[{"href":"https:\/\/archive.sana.sy\/es\/index.php?rest_route=\/wp\/v2\/types\/post"}],"author":[{"embeddable":true,"href":"https:\/\/archive.sana.sy\/es\/index.php?rest_route=\/wp\/v2\/users\/30"}],"replies":[{"embeddable":true,"href":"https:\/\/archive.sana.sy\/es\/index.php?rest_route=%2Fwp%2Fv2%2Fcomments&post=295387"}],"version-history":[{"count":1,"href":"https:\/\/archive.sana.sy\/es\/index.php?rest_route=\/wp\/v2\/posts\/295387\/revisions"}],"predecessor-version":[{"id":295389,"href":"https:\/\/archive.sana.sy\/es\/index.php?rest_route=\/wp\/v2\/posts\/295387\/revisions\/295389"}],"wp:featuredmedia":[{"embeddable":true,"href":"https:\/\/archive.sana.sy\/es\/index.php?rest_route=\/wp\/v2\/media\/295388"}],"wp:attachment":[{"href":"https:\/\/archive.sana.sy\/es\/index.php?rest_route=%2Fwp%2Fv2%2Fmedia&parent=295387"}],"wp:term":[{"taxonomy":"category","embeddable":true,"href":"https:\/\/archive.sana.sy\/es\/index.php?rest_route=%2Fwp%2Fv2%2Fcategories&post=295387"},{"taxonomy":"post_tag","embeddable":true,"href":"https:\/\/archive.sana.sy\/es\/index.php?rest_route=%2Fwp%2Fv2%2Ftags&post=295387"}],"curies":[{"name":"wp","href":"https:\/\/api.w.org\/{rel}","templated":true}]}}