{"id":295622,"date":"2023-04-30T15:18:49","date_gmt":"2023-04-30T12:18:49","guid":{"rendered":"http:\/\/sana.sy\/es\/?p=295622"},"modified":"2023-04-30T15:18:49","modified_gmt":"2023-04-30T12:18:49","slug":"zelenski-muestra-el-bunker-secreto-donde-celebra-las-reuniones","status":"publish","type":"post","link":"https:\/\/archive.sana.sy\/es\/?p=295622","title":{"rendered":"Zelenski muestra el b\u00fanker secreto donde celebra las reuniones"},"content":{"rendered":"<blockquote>\n<p style=\"text-align: justify;\"><span style=\"color: #993300;\">Anteriormente, Zelenski revel\u00f3 que lleva un arma y entrena regularmente con ella por si le capturan las fuerzas rusas.<\/span><\/p>\n<\/blockquote>\n<p style=\"text-align: justify;\">\n<p style=\"text-align: justify;\"><span style=\"color: #800000;\"><strong>Mosc\u00fa, 30 abr (SANA)<\/strong><\/span> El presidente de Ucrania, Vlad\u00edmir Zelenski, mostr\u00f3 en una entrevista al canal de televisi\u00f3n local 1+1, la habitaci\u00f3n en la que vive desde que inici\u00f3 la operaci\u00f3n militar especial rusa.<\/p>\n<p style=\"text-align: justify;\">&#8220;Aqu\u00ed es donde vivo&#8221;, dijo el mandatario, llevando al periodista Dmitri Komarov a su habitaci\u00f3n, situada en el edificio de la Oficina presidencial.<\/p>\n<p style=\"text-align: justify;\">El jefe de Estado tambi\u00e9n llev\u00f3 al periodista a un lugar subterr\u00e1neo reservado donde celebra reuniones.<\/p>\n<p style=\"text-align: justify;\">Sin embargo, a los reporteros se les oblig\u00f3 a entregar sus tel\u00e9fonos celulares y solo les permitieron grabar durante un minuto para hacer algunas tomas, tras lo cual se les pidi\u00f3 que se marcharan al autob\u00fas.<\/p>\n<p style=\"text-align: justify;\">Anteriormente, el l\u00edder ucraniano revel\u00f3 que lleva un arma y entrena regularmente con ella por si le capturan las fuerzas rusas.<\/p>\n<p style=\"text-align: justify;\">fm\/ed<\/p>\n","protected":false},"excerpt":{"rendered":"<p>Anteriormente, Zelenski revel\u00f3 que lleva un arma y entrena regularmente con ella por si le capturan las fuerzas rusas. Mosc\u00fa, 30 abr (SANA) El presidente de Ucrania, Vlad\u00edmir Zelenski, mostr\u00f3 en una entrevista al canal de televisi\u00f3n local 1+1, la habitaci\u00f3n en la que vive desde que inici\u00f3 la operaci\u00f3n militar especial rusa. &#8220;Aqu\u00ed es &hellip;<\/p>\n","protected":false},"author":32,"featured_media":295623,"comment_status":"closed","ping_status":"closed","sticky":false,"template":"","format":"standard","meta":{"footnotes":""},"categories":[597,456,16687,7541],"tags":[],"class_list":["post-295622","post","type-post","status-publish","format-standard","has-post-thumbnail","","category-cinta-de-noticias","category-arabe-internacional-politica","category-internacionales","category-ultimas-noticias"],"_links":{"self":[{"href":"https:\/\/archive.sana.sy\/es\/index.php?rest_route=\/wp\/v2\/posts\/295622"}],"collection":[{"href":"https:\/\/archive.sana.sy\/es\/index.php?rest_route=\/wp\/v2\/posts"}],"about":[{"href":"https:\/\/archive.sana.sy\/es\/index.php?rest_route=\/wp\/v2\/types\/post"}],"author":[{"embeddable":true,"href":"https:\/\/archive.sana.sy\/es\/index.php?rest_route=\/wp\/v2\/users\/32"}],"replies":[{"embeddable":true,"href":"https:\/\/archive.sana.sy\/es\/index.php?rest_route=%2Fwp%2Fv2%2Fcomments&post=295622"}],"version-history":[{"count":1,"href":"https:\/\/archive.sana.sy\/es\/index.php?rest_route=\/wp\/v2\/posts\/295622\/revisions"}],"predecessor-version":[{"id":295624,"href":"https:\/\/archive.sana.sy\/es\/index.php?rest_route=\/wp\/v2\/posts\/295622\/revisions\/295624"}],"wp:featuredmedia":[{"embeddable":true,"href":"https:\/\/archive.sana.sy\/es\/index.php?rest_route=\/wp\/v2\/media\/295623"}],"wp:attachment":[{"href":"https:\/\/archive.sana.sy\/es\/index.php?rest_route=%2Fwp%2Fv2%2Fmedia&parent=295622"}],"wp:term":[{"taxonomy":"category","embeddable":true,"href":"https:\/\/archive.sana.sy\/es\/index.php?rest_route=%2Fwp%2Fv2%2Fcategories&post=295622"},{"taxonomy":"post_tag","embeddable":true,"href":"https:\/\/archive.sana.sy\/es\/index.php?rest_route=%2Fwp%2Fv2%2Ftags&post=295622"}],"curies":[{"name":"wp","href":"https:\/\/api.w.org\/{rel}","templated":true}]}}