{"id":29563,"date":"2015-09-05T16:27:56","date_gmt":"2015-09-05T13:27:56","guid":{"rendered":"http:\/\/sana.sy\/es\/?p=29563"},"modified":"2023-01-09T14:09:50","modified_gmt":"2023-01-09T12:09:50","slug":"desmienten-noticias-sobre-la-inestabilidad-de-la-situacion-en-sweida","status":"publish","type":"post","link":"https:\/\/archive.sana.sy\/es\/?p=29563","title":{"rendered":"Desmienten noticias sobre la inestabilidad de la situaci\u00f3n en Sweida"},"content":{"rendered":"<p><span style=\"color: #800000\">Sweida, SANA<\/span><\/p>\n<p>El jefe de la Polic\u00eda de la Gobernaci\u00f3n de Sweida, el general Mohamad Samra confirm\u00f3 que la estabilidad y tranquilidad reinan en la ciudad de Sweida, desmintiendo noticias publicadas por algunos medios de comunicaci\u00f3n sobre supuestos ataques librados contra efectivos de la Seguridad Interna dentro de dicha ciudad.<\/p>\n<p>Estas noticias son infundadas y carecen de la veracidad, y van en el marco de la campa\u00f1a de fabricaciones y mentiras encaminadas a desestabilizar la Gobernaci\u00f3n de Sweida y debilitar la resistencia de sus habitantes, asever\u00f3.<\/p>\n<p>&nbsp;<\/p>\n<p>Lynn A.<\/p>\n","protected":false},"excerpt":{"rendered":"<p>Sweida, SANA El jefe de la Polic\u00eda de la Gobernaci\u00f3n de Sweida, el general Mohamad Samra confirm\u00f3 que la estabilidad y tranquilidad reinan en la ciudad de Sweida, desmintiendo noticias publicadas por algunos medios de comunicaci\u00f3n sobre supuestos ataques librados contra efectivos de la Seguridad Interna dentro de dicha ciudad. Estas noticias son infundadas y &hellip;<\/p>\n","protected":false},"author":24,"featured_media":29565,"comment_status":"closed","ping_status":"closed","sticky":false,"template":"","format":"standard","meta":{"footnotes":""},"categories":[477,476],"tags":[6537],"class_list":["post-29563","post","type-post","status-publish","format-standard","has-post-thumbnail","","category-noticias-edulcorantes","category-locales","tag-desmienten-noticias-sobre-la-inestabilidad-de-la-situacion-en-sweida"],"_links":{"self":[{"href":"https:\/\/archive.sana.sy\/es\/index.php?rest_route=\/wp\/v2\/posts\/29563"}],"collection":[{"href":"https:\/\/archive.sana.sy\/es\/index.php?rest_route=\/wp\/v2\/posts"}],"about":[{"href":"https:\/\/archive.sana.sy\/es\/index.php?rest_route=\/wp\/v2\/types\/post"}],"author":[{"embeddable":true,"href":"https:\/\/archive.sana.sy\/es\/index.php?rest_route=\/wp\/v2\/users\/24"}],"replies":[{"embeddable":true,"href":"https:\/\/archive.sana.sy\/es\/index.php?rest_route=%2Fwp%2Fv2%2Fcomments&post=29563"}],"version-history":[{"count":0,"href":"https:\/\/archive.sana.sy\/es\/index.php?rest_route=\/wp\/v2\/posts\/29563\/revisions"}],"wp:featuredmedia":[{"embeddable":true,"href":"https:\/\/archive.sana.sy\/es\/index.php?rest_route=\/wp\/v2\/media\/29565"}],"wp:attachment":[{"href":"https:\/\/archive.sana.sy\/es\/index.php?rest_route=%2Fwp%2Fv2%2Fmedia&parent=29563"}],"wp:term":[{"taxonomy":"category","embeddable":true,"href":"https:\/\/archive.sana.sy\/es\/index.php?rest_route=%2Fwp%2Fv2%2Fcategories&post=29563"},{"taxonomy":"post_tag","embeddable":true,"href":"https:\/\/archive.sana.sy\/es\/index.php?rest_route=%2Fwp%2Fv2%2Ftags&post=29563"}],"curies":[{"name":"wp","href":"https:\/\/api.w.org\/{rel}","templated":true}]}}