{"id":295677,"date":"2023-04-30T19:51:30","date_gmt":"2023-04-30T16:51:30","guid":{"rendered":"http:\/\/sana.sy\/es\/?p=295677"},"modified":"2023-04-30T21:37:32","modified_gmt":"2023-04-30T18:37:32","slug":"eeuu-refuerza-sus-bases-en-siria-con-40-camiones-cargados-de-municiones-y-material-logistico","status":"publish","type":"post","link":"https:\/\/archive.sana.sy\/es\/?p=295677","title":{"rendered":"EEUU refuerza sus bases en Siria con 40 camiones cargados de municiones y material log\u00edstico"},"content":{"rendered":"<p style=\"text-align: justify;\"><span style=\"color: #800000;\"><strong>Hasakeh, 30 abr (SANA)<\/strong>\u00a0<\/span> \u00a0Una caravana de 40 veh\u00edculos cargados con equipos b\u00e9licos y material log\u00edstico, ingres\u00f3 hoy en territorio sirio procedente del norte de Iraq, y se dirigi\u00f3 hacia la base a\u00e9rea de Kherab Al-Jeer, convertida ilegalmente en base de las fuerzas estadounidenses.<\/p>\n<p style=\"text-align: justify;\">Activistas locales informaron al corresponsal de SANA en la provincia de Hasakeh que el ocupante estadounidense introdujo la columna a trav\u00e9s del cruce ilegal de Al-Walid con el vecino Iraq.<\/p>\n<p style=\"text-align: justify;\">El convoy fue custodiado por veh\u00edculos blindados pertenecientes a las fuerzas de ocupaci\u00f3n\u201d, detallaron.<\/p>\n<p style=\"text-align: justify;\">rr\/fm<\/p>\n<p>&nbsp;<\/p>\n<div id='gallery-1' class='gallery galleryid-295677 gallery-columns-1 gallery-size-full'><figure class='gallery-item'>\n\t\t\t<div class='gallery-icon landscape'>\n\t\t\t\t<a href='https:\/\/archive.sana.sy\/es\/wp-content\/uploads\/2023\/04\/photo_2023-04-30_16-35-11-2-scaled.jpg'><img loading=\"lazy\" decoding=\"async\" width=\"2560\" height=\"1585\" src=\"https:\/\/archive.sana.sy\/es\/wp-content\/uploads\/2023\/04\/photo_2023-04-30_16-35-11-2-scaled.jpg\" class=\"attachment-full size-full\" alt=\"\" srcset=\"https:\/\/archive.sana.sy\/es\/wp-content\/uploads\/2023\/04\/photo_2023-04-30_16-35-11-2-scaled.jpg 2560w, https:\/\/archive.sana.sy\/es\/wp-content\/uploads\/2023\/04\/photo_2023-04-30_16-35-11-2-300x186.jpg 300w, https:\/\/archive.sana.sy\/es\/wp-content\/uploads\/2023\/04\/photo_2023-04-30_16-35-11-2-1024x634.jpg 1024w, https:\/\/archive.sana.sy\/es\/wp-content\/uploads\/2023\/04\/photo_2023-04-30_16-35-11-2-150x93.jpg 150w, https:\/\/archive.sana.sy\/es\/wp-content\/uploads\/2023\/04\/photo_2023-04-30_16-35-11-2-768x476.jpg 768w, https:\/\/archive.sana.sy\/es\/wp-content\/uploads\/2023\/04\/photo_2023-04-30_16-35-11-2-1536x951.jpg 1536w, https:\/\/archive.sana.sy\/es\/wp-content\/uploads\/2023\/04\/photo_2023-04-30_16-35-11-2-2048x1268.jpg 2048w\" sizes=\"(max-width: 2560px) 100vw, 2560px\" \/><\/a>\n\t\t\t<\/div><\/figure><figure class='gallery-item'>\n\t\t\t<div class='gallery-icon landscape'>\n\t\t\t\t<a href='https:\/\/archive.sana.sy\/es\/wp-content\/uploads\/2023\/04\/photo_2023-04-30_16-35-11-scaled.jpg'><img loading=\"lazy\" decoding=\"async\" width=\"2560\" height=\"1426\" src=\"https:\/\/archive.sana.sy\/es\/wp-content\/uploads\/2023\/04\/photo_2023-04-30_16-35-11-scaled.jpg\" class=\"attachment-full size-full\" alt=\"\" srcset=\"https:\/\/archive.sana.sy\/es\/wp-content\/uploads\/2023\/04\/photo_2023-04-30_16-35-11-scaled.jpg 2560w, https:\/\/archive.sana.sy\/es\/wp-content\/uploads\/2023\/04\/photo_2023-04-30_16-35-11-300x167.jpg 300w, https:\/\/archive.sana.sy\/es\/wp-content\/uploads\/2023\/04\/photo_2023-04-30_16-35-11-1024x570.jpg 1024w, https:\/\/archive.sana.sy\/es\/wp-content\/uploads\/2023\/04\/photo_2023-04-30_16-35-11-150x84.jpg 150w, https:\/\/archive.sana.sy\/es\/wp-content\/uploads\/2023\/04\/photo_2023-04-30_16-35-11-768x428.jpg 768w, https:\/\/archive.sana.sy\/es\/wp-content\/uploads\/2023\/04\/photo_2023-04-30_16-35-11-1536x855.jpg 1536w, https:\/\/archive.sana.sy\/es\/wp-content\/uploads\/2023\/04\/photo_2023-04-30_16-35-11-2048x1140.jpg 2048w\" sizes=\"(max-width: 2560px) 100vw, 2560px\" \/><\/a>\n\t\t\t<\/div><\/figure>\n\t\t<\/div>\n\n","protected":false},"excerpt":{"rendered":"<p>Hasakeh, 30 abr (SANA)\u00a0 \u00a0Una caravana de 40 veh\u00edculos cargados con equipos b\u00e9licos y material log\u00edstico, ingres\u00f3 hoy en territorio sirio procedente del norte de Iraq, y se dirigi\u00f3 hacia la base a\u00e9rea de Kherab Al-Jeer, convertida ilegalmente en base de las fuerzas estadounidenses. Activistas locales informaron al corresponsal de SANA en la provincia de &hellip;<\/p>\n","protected":false},"author":31,"featured_media":295678,"comment_status":"closed","ping_status":"closed","sticky":false,"template":"","format":"standard","meta":{"footnotes":""},"categories":[477,597,573,583],"tags":[7132,19790,6553],"class_list":["post-295677","post","type-post","status-publish","format-standard","has-post-thumbnail","","category-noticias-edulcorantes","category-cinta-de-noticias","category-la-realidad-de-los-acontecimientos-en-siria","category-slide","tag-eeuu","tag-ocupacion","tag-siria"],"_links":{"self":[{"href":"https:\/\/archive.sana.sy\/es\/index.php?rest_route=\/wp\/v2\/posts\/295677"}],"collection":[{"href":"https:\/\/archive.sana.sy\/es\/index.php?rest_route=\/wp\/v2\/posts"}],"about":[{"href":"https:\/\/archive.sana.sy\/es\/index.php?rest_route=\/wp\/v2\/types\/post"}],"author":[{"embeddable":true,"href":"https:\/\/archive.sana.sy\/es\/index.php?rest_route=\/wp\/v2\/users\/31"}],"replies":[{"embeddable":true,"href":"https:\/\/archive.sana.sy\/es\/index.php?rest_route=%2Fwp%2Fv2%2Fcomments&post=295677"}],"version-history":[{"count":3,"href":"https:\/\/archive.sana.sy\/es\/index.php?rest_route=\/wp\/v2\/posts\/295677\/revisions"}],"predecessor-version":[{"id":295696,"href":"https:\/\/archive.sana.sy\/es\/index.php?rest_route=\/wp\/v2\/posts\/295677\/revisions\/295696"}],"wp:featuredmedia":[{"embeddable":true,"href":"https:\/\/archive.sana.sy\/es\/index.php?rest_route=\/wp\/v2\/media\/295678"}],"wp:attachment":[{"href":"https:\/\/archive.sana.sy\/es\/index.php?rest_route=%2Fwp%2Fv2%2Fmedia&parent=295677"}],"wp:term":[{"taxonomy":"category","embeddable":true,"href":"https:\/\/archive.sana.sy\/es\/index.php?rest_route=%2Fwp%2Fv2%2Fcategories&post=295677"},{"taxonomy":"post_tag","embeddable":true,"href":"https:\/\/archive.sana.sy\/es\/index.php?rest_route=%2Fwp%2Fv2%2Ftags&post=295677"}],"curies":[{"name":"wp","href":"https:\/\/api.w.org\/{rel}","templated":true}]}}