{"id":295723,"date":"2023-05-01T10:59:09","date_gmt":"2023-05-01T07:59:09","guid":{"rendered":"http:\/\/sana.sy\/es\/?p=295723"},"modified":"2023-05-01T12:52:44","modified_gmt":"2023-05-01T09:52:44","slug":"canciller-al-mekdad-llega-a-aman-para-participar-en-reunion-de-cancilleres-de-siria-arabia-saudita-jordania-egipto-e-iraq","status":"publish","type":"post","link":"https:\/\/archive.sana.sy\/es\/?p=295723","title":{"rendered":"Canciller Al-Mekdad llega a Am\u00e1n para participar en reuni\u00f3n de cancilleres de Siria, Arabia Saudita, Jordania, Egipto e Iraq"},"content":{"rendered":"<p style=\"text-align: justify;\"><span style=\"color: #800000;\"><strong>Am\u00e1n, 01 may (SANA)\u00a0<\/strong> <\/span>\u00a0El ministro de Asuntos Exteriores y Expatriados, Faisal Al- Mekdad, lleg\u00f3 hoy a la capital jordana Am\u00e1n, para participar en la reuni\u00f3n de cancilleres de Siria, Arabia Saudita, Jordania, Egipto e Irak.<\/p>\n<p style=\"text-align: justify;\">El jefe de la diplomacia siria fue recibido por el Encargado de Negocios de la Embajada de Siria, Issam Niyal, y varios diplom\u00e1ticos de la embajada.<\/p>\n<p style=\"text-align: justify;\">La Canciller\u00eda siria anunci\u00f3 la v\u00edspera que, durante la cita, se dar\u00e1 seguimiento a una serie de cuestiones que fueron planteadas durante reuniones y contactos anteriores.<\/p>\n<p style=\"text-align: justify;\">El Ministerio declar\u00f3 que la delegaci\u00f3n que acompa\u00f1a a Al-Mekdad incluye al ministro asistente de Exteriores y Expatriados, Ayman Sousan, el director de la Oficina del Canciller, Jamal Naguib, y el consejero Ahab Hamed de la misma Oficina.<\/p>\n<p style=\"text-align: justify;\">ed\/fm<\/p>\n","protected":false},"excerpt":{"rendered":"<p>Am\u00e1n, 01 may (SANA)\u00a0 \u00a0El ministro de Asuntos Exteriores y Expatriados, Faisal Al- Mekdad, lleg\u00f3 hoy a la capital jordana Am\u00e1n, para participar en la reuni\u00f3n de cancilleres de Siria, Arabia Saudita, Jordania, Egipto e Irak. El jefe de la diplomacia siria fue recibido por el Encargado de Negocios de la Embajada de Siria, Issam &hellip;<\/p>\n","protected":false},"author":32,"featured_media":295730,"comment_status":"closed","ping_status":"closed","sticky":false,"template":"","format":"standard","meta":{"footnotes":""},"categories":[597,467],"tags":[],"class_list":["post-295723","post","type-post","status-publish","format-standard","has-post-thumbnail","","category-cinta-de-noticias","category-siria-y-el-mundo"],"_links":{"self":[{"href":"https:\/\/archive.sana.sy\/es\/index.php?rest_route=\/wp\/v2\/posts\/295723"}],"collection":[{"href":"https:\/\/archive.sana.sy\/es\/index.php?rest_route=\/wp\/v2\/posts"}],"about":[{"href":"https:\/\/archive.sana.sy\/es\/index.php?rest_route=\/wp\/v2\/types\/post"}],"author":[{"embeddable":true,"href":"https:\/\/archive.sana.sy\/es\/index.php?rest_route=\/wp\/v2\/users\/32"}],"replies":[{"embeddable":true,"href":"https:\/\/archive.sana.sy\/es\/index.php?rest_route=%2Fwp%2Fv2%2Fcomments&post=295723"}],"version-history":[{"count":1,"href":"https:\/\/archive.sana.sy\/es\/index.php?rest_route=\/wp\/v2\/posts\/295723\/revisions"}],"predecessor-version":[{"id":295725,"href":"https:\/\/archive.sana.sy\/es\/index.php?rest_route=\/wp\/v2\/posts\/295723\/revisions\/295725"}],"wp:featuredmedia":[{"embeddable":true,"href":"https:\/\/archive.sana.sy\/es\/index.php?rest_route=\/wp\/v2\/media\/295730"}],"wp:attachment":[{"href":"https:\/\/archive.sana.sy\/es\/index.php?rest_route=%2Fwp%2Fv2%2Fmedia&parent=295723"}],"wp:term":[{"taxonomy":"category","embeddable":true,"href":"https:\/\/archive.sana.sy\/es\/index.php?rest_route=%2Fwp%2Fv2%2Fcategories&post=295723"},{"taxonomy":"post_tag","embeddable":true,"href":"https:\/\/archive.sana.sy\/es\/index.php?rest_route=%2Fwp%2Fv2%2Ftags&post=295723"}],"curies":[{"name":"wp","href":"https:\/\/api.w.org\/{rel}","templated":true}]}}