{"id":295727,"date":"2023-05-01T12:42:25","date_gmt":"2023-05-01T09:42:25","guid":{"rendered":"http:\/\/sana.sy\/es\/?p=295727"},"modified":"2023-05-01T12:42:25","modified_gmt":"2023-05-01T09:42:25","slug":"cancilleres-de-siria-y-jordania-abordan-en-aman-la-seguridad-fronteriza-y-cuestiones-relativas-al-agua-y-los-refugiados","status":"publish","type":"post","link":"https:\/\/archive.sana.sy\/es\/?p=295727","title":{"rendered":"Cancilleres de Siria y Jordania abordan en Am\u00e1n la seguridad fronteriza y cuestiones relativas al agua y los refugiados"},"content":{"rendered":"<p style=\"text-align: justify;\"><strong><span style=\"color: #800000;\">Damasco, 01 may (SANA)<\/span><\/strong>\u00a0 \u00a0El ministro de Asuntos Exteriores y Expatriados, Faisal Al- Mekdad y su hom\u00f3logo de Jordania, Ayman Al-Safadi, examin\u00f3 hoy en Am\u00e1n, la capital jordana, varios temas bilaterales de inter\u00e9s com\u00fan.<\/p>\n<p style=\"text-align: justify;\">Los dos ministros abordaron cuestiones bilaterales como la seguridad fronteriza, el agua y los refugiados, seg\u00fan inform\u00f3 la agencia Petra.<\/p>\n<p style=\"text-align: justify;\">El ministro Al-Mekdad hab\u00eda llegado a la capital jordana para participar en la reuni\u00f3n de cancilleres de Siria, Arabia Saudita, Jordania, Egipto e Irak.<\/p>\n<p style=\"text-align: justify;\">ed\/fm<\/p>\n","protected":false},"excerpt":{"rendered":"<p>Damasco, 01 may (SANA)\u00a0 \u00a0El ministro de Asuntos Exteriores y Expatriados, Faisal Al- Mekdad y su hom\u00f3logo de Jordania, Ayman Al-Safadi, examin\u00f3 hoy en Am\u00e1n, la capital jordana, varios temas bilaterales de inter\u00e9s com\u00fan. Los dos ministros abordaron cuestiones bilaterales como la seguridad fronteriza, el agua y los refugiados, seg\u00fan inform\u00f3 la agencia Petra. El &hellip;<\/p>\n","protected":false},"author":32,"featured_media":295728,"comment_status":"closed","ping_status":"closed","sticky":false,"template":"","format":"standard","meta":{"footnotes":""},"categories":[597,467,7541],"tags":[],"class_list":["post-295727","post","type-post","status-publish","format-standard","has-post-thumbnail","","category-cinta-de-noticias","category-siria-y-el-mundo","category-ultimas-noticias"],"_links":{"self":[{"href":"https:\/\/archive.sana.sy\/es\/index.php?rest_route=\/wp\/v2\/posts\/295727"}],"collection":[{"href":"https:\/\/archive.sana.sy\/es\/index.php?rest_route=\/wp\/v2\/posts"}],"about":[{"href":"https:\/\/archive.sana.sy\/es\/index.php?rest_route=\/wp\/v2\/types\/post"}],"author":[{"embeddable":true,"href":"https:\/\/archive.sana.sy\/es\/index.php?rest_route=\/wp\/v2\/users\/32"}],"replies":[{"embeddable":true,"href":"https:\/\/archive.sana.sy\/es\/index.php?rest_route=%2Fwp%2Fv2%2Fcomments&post=295727"}],"version-history":[{"count":1,"href":"https:\/\/archive.sana.sy\/es\/index.php?rest_route=\/wp\/v2\/posts\/295727\/revisions"}],"predecessor-version":[{"id":295729,"href":"https:\/\/archive.sana.sy\/es\/index.php?rest_route=\/wp\/v2\/posts\/295727\/revisions\/295729"}],"wp:featuredmedia":[{"embeddable":true,"href":"https:\/\/archive.sana.sy\/es\/index.php?rest_route=\/wp\/v2\/media\/295728"}],"wp:attachment":[{"href":"https:\/\/archive.sana.sy\/es\/index.php?rest_route=%2Fwp%2Fv2%2Fmedia&parent=295727"}],"wp:term":[{"taxonomy":"category","embeddable":true,"href":"https:\/\/archive.sana.sy\/es\/index.php?rest_route=%2Fwp%2Fv2%2Fcategories&post=295727"},{"taxonomy":"post_tag","embeddable":true,"href":"https:\/\/archive.sana.sy\/es\/index.php?rest_route=%2Fwp%2Fv2%2Ftags&post=295727"}],"curies":[{"name":"wp","href":"https:\/\/api.w.org\/{rel}","templated":true}]}}