{"id":295731,"date":"2023-05-01T12:54:55","date_gmt":"2023-05-01T09:54:55","guid":{"rendered":"http:\/\/sana.sy\/es\/?p=295731"},"modified":"2023-05-01T17:14:55","modified_gmt":"2023-05-01T14:14:55","slug":"inicia-en-aman-reunion-de-los-cancilleres-de-siria-arabia-saudita-jordania-egipto-e-iraq","status":"publish","type":"post","link":"https:\/\/archive.sana.sy\/es\/?p=295731","title":{"rendered":"Inicia en Am\u00e1n reuni\u00f3n de los cancilleres de Siria, Arabia Saudita, Jordania, Egipto e Iraq"},"content":{"rendered":"<p style=\"text-align: justify;\"><span style=\"color: #800000;\"><strong>Am\u00e1n, 01 may (SANA)<\/strong><\/span>\u00a0 \u00a0La reuni\u00f3n de los cancilleres de Siria, Arabia Saudita, Jordania, Egipto e Iraq, inici\u00f3 hoy en la capital jordana, Am\u00e1n.<\/p>\n<p style=\"text-align: justify;\">La delegaci\u00f3n siria en esta cita est\u00e1 encabezada por el canciller Faisal Al-Mekdad y conformada por el ministro asistente de Exteriores y Expatriados, Ayman Sousan, el director de la Oficina del Canciller, Jamal Naguib, y el consejero Ahab Hamed de la misma Oficina.<\/p>\n<p style=\"text-align: justify;\"><img loading=\"lazy\" decoding=\"async\" class=\" wp-image-295732 alignleft\" src=\"http:\/\/sana.sy\/es\/wp-content\/uploads\/2023\/05\/photo_2023-05-01_11-28-04-300x188-1.jpg\" alt=\"\" width=\"316\" height=\"198\" srcset=\"https:\/\/archive.sana.sy\/es\/wp-content\/uploads\/2023\/05\/photo_2023-05-01_11-28-04-300x188-1.jpg 300w, https:\/\/archive.sana.sy\/es\/wp-content\/uploads\/2023\/05\/photo_2023-05-01_11-28-04-300x188-1-150x94.jpg 150w\" sizes=\"(max-width: 316px) 100vw, 316px\" \/>Durante la cita, se dar\u00e1 seguimiento a una serie de cuestiones que fueron planteadas durante reuniones y contactos anteriores.<\/p>\n<p style=\"text-align: justify;\">Anteriormente, los jefes de la diplomacia siria y jordana sostuvieron un encuentro en el que debatieron varios temas bilaterales de inter\u00e9s com\u00fan como la seguridad fronteriza, el agua y los refugiados.<\/p>\n<p style=\"text-align: justify;\">fm\/ed<\/p>\n","protected":false},"excerpt":{"rendered":"<p>Am\u00e1n, 01 may (SANA)\u00a0 \u00a0La reuni\u00f3n de los cancilleres de Siria, Arabia Saudita, Jordania, Egipto e Iraq, inici\u00f3 hoy en la capital jordana, Am\u00e1n. La delegaci\u00f3n siria en esta cita est\u00e1 encabezada por el canciller Faisal Al-Mekdad y conformada por el ministro asistente de Exteriores y Expatriados, Ayman Sousan, el director de la Oficina del &hellip;<\/p>\n","protected":false},"author":32,"featured_media":295730,"comment_status":"closed","ping_status":"closed","sticky":false,"template":"","format":"standard","meta":{"footnotes":""},"categories":[597,20724,467],"tags":[],"class_list":["post-295731","post","type-post","status-publish","format-standard","has-post-thumbnail","","category-cinta-de-noticias","category-minuto-a-minuto","category-siria-y-el-mundo"],"_links":{"self":[{"href":"https:\/\/archive.sana.sy\/es\/index.php?rest_route=\/wp\/v2\/posts\/295731"}],"collection":[{"href":"https:\/\/archive.sana.sy\/es\/index.php?rest_route=\/wp\/v2\/posts"}],"about":[{"href":"https:\/\/archive.sana.sy\/es\/index.php?rest_route=\/wp\/v2\/types\/post"}],"author":[{"embeddable":true,"href":"https:\/\/archive.sana.sy\/es\/index.php?rest_route=\/wp\/v2\/users\/32"}],"replies":[{"embeddable":true,"href":"https:\/\/archive.sana.sy\/es\/index.php?rest_route=%2Fwp%2Fv2%2Fcomments&post=295731"}],"version-history":[{"count":1,"href":"https:\/\/archive.sana.sy\/es\/index.php?rest_route=\/wp\/v2\/posts\/295731\/revisions"}],"predecessor-version":[{"id":295733,"href":"https:\/\/archive.sana.sy\/es\/index.php?rest_route=\/wp\/v2\/posts\/295731\/revisions\/295733"}],"wp:featuredmedia":[{"embeddable":true,"href":"https:\/\/archive.sana.sy\/es\/index.php?rest_route=\/wp\/v2\/media\/295730"}],"wp:attachment":[{"href":"https:\/\/archive.sana.sy\/es\/index.php?rest_route=%2Fwp%2Fv2%2Fmedia&parent=295731"}],"wp:term":[{"taxonomy":"category","embeddable":true,"href":"https:\/\/archive.sana.sy\/es\/index.php?rest_route=%2Fwp%2Fv2%2Fcategories&post=295731"},{"taxonomy":"post_tag","embeddable":true,"href":"https:\/\/archive.sana.sy\/es\/index.php?rest_route=%2Fwp%2Fv2%2Ftags&post=295731"}],"curies":[{"name":"wp","href":"https:\/\/api.w.org\/{rel}","templated":true}]}}