{"id":295737,"date":"2023-05-01T13:30:45","date_gmt":"2023-05-01T10:30:45","guid":{"rendered":"http:\/\/sana.sy\/es\/?p=295737"},"modified":"2023-05-01T13:30:45","modified_gmt":"2023-05-01T10:30:45","slug":"siria-participa-en-la-feria-mercado-de-viajes-arabe-en-dubai-2","status":"publish","type":"post","link":"https:\/\/archive.sana.sy\/es\/?p=295737","title":{"rendered":"Siria participa en la feria Mercado de Viajes \u00c1rabe en Dub\u00e1i"},"content":{"rendered":"<p style=\"text-align: justify;\"><span style=\"color: #800000;\"><strong>Dub\u00e1i, 01 may (SANA)\u00a0<\/strong><\/span> Con la participaci\u00f3n de Siria, inici\u00f3 en Dub\u00e1i la 30 edici\u00f3n de la feria \u201cMercado de Viajes \u00c1rabe 2023\u201d, que durar\u00e1 hasta el 4 de este mes.<\/p>\n<p style=\"text-align: justify;\">El Ministerio de Turismo, varias instituciones de turismo de los sectores p\u00fablico y privado, y la Federaci\u00f3n de C\u00e1maras de Turismo de Siria, participan en el pabell\u00f3n sirio.<\/p>\n<p style=\"text-align: justify;\">La delegaci\u00f3n siria a este evento est\u00e1 encabezada por el ministro adjunto de Turismo, Nidal Mashfej.<\/p>\n<p style=\"text-align: justify;\">M\u00e1s de 2000 instituciones de m\u00e1s de 150 pa\u00edses participan en la exposici\u00f3n, adem\u00e1s de acoger a varias personalidades internacionales interesadas en el sector de los viajes, el turismo y la hosteler\u00eda.<\/p>\n<p style=\"text-align: justify;\">ed\/fm<\/p>\n","protected":false},"excerpt":{"rendered":"<p>Dub\u00e1i, 01 may (SANA)\u00a0 Con la participaci\u00f3n de Siria, inici\u00f3 en Dub\u00e1i la 30 edici\u00f3n de la feria \u201cMercado de Viajes \u00c1rabe 2023\u201d, que durar\u00e1 hasta el 4 de este mes. El Ministerio de Turismo, varias instituciones de turismo de los sectores p\u00fablico y privado, y la Federaci\u00f3n de C\u00e1maras de Turismo de Siria, participan &hellip;<\/p>\n","protected":false},"author":32,"featured_media":295738,"comment_status":"closed","ping_status":"closed","sticky":false,"template":"","format":"standard","meta":{"footnotes":""},"categories":[597,467,7541],"tags":[],"class_list":["post-295737","post","type-post","status-publish","format-standard","has-post-thumbnail","","category-cinta-de-noticias","category-siria-y-el-mundo","category-ultimas-noticias"],"_links":{"self":[{"href":"https:\/\/archive.sana.sy\/es\/index.php?rest_route=\/wp\/v2\/posts\/295737"}],"collection":[{"href":"https:\/\/archive.sana.sy\/es\/index.php?rest_route=\/wp\/v2\/posts"}],"about":[{"href":"https:\/\/archive.sana.sy\/es\/index.php?rest_route=\/wp\/v2\/types\/post"}],"author":[{"embeddable":true,"href":"https:\/\/archive.sana.sy\/es\/index.php?rest_route=\/wp\/v2\/users\/32"}],"replies":[{"embeddable":true,"href":"https:\/\/archive.sana.sy\/es\/index.php?rest_route=%2Fwp%2Fv2%2Fcomments&post=295737"}],"version-history":[{"count":1,"href":"https:\/\/archive.sana.sy\/es\/index.php?rest_route=\/wp\/v2\/posts\/295737\/revisions"}],"predecessor-version":[{"id":295739,"href":"https:\/\/archive.sana.sy\/es\/index.php?rest_route=\/wp\/v2\/posts\/295737\/revisions\/295739"}],"wp:featuredmedia":[{"embeddable":true,"href":"https:\/\/archive.sana.sy\/es\/index.php?rest_route=\/wp\/v2\/media\/295738"}],"wp:attachment":[{"href":"https:\/\/archive.sana.sy\/es\/index.php?rest_route=%2Fwp%2Fv2%2Fmedia&parent=295737"}],"wp:term":[{"taxonomy":"category","embeddable":true,"href":"https:\/\/archive.sana.sy\/es\/index.php?rest_route=%2Fwp%2Fv2%2Fcategories&post=295737"},{"taxonomy":"post_tag","embeddable":true,"href":"https:\/\/archive.sana.sy\/es\/index.php?rest_route=%2Fwp%2Fv2%2Ftags&post=295737"}],"curies":[{"name":"wp","href":"https:\/\/api.w.org\/{rel}","templated":true}]}}