{"id":295823,"date":"2023-05-01T18:04:25","date_gmt":"2023-05-01T15:04:25","guid":{"rendered":"http:\/\/sana.sy\/es\/?p=295823"},"modified":"2023-05-01T18:04:57","modified_gmt":"2023-05-01T15:04:57","slug":"tunez-el-futuro-de-siria-lo-decidira-el-pueblo-sirio","status":"publish","type":"post","link":"https:\/\/archive.sana.sy\/es\/?p=295823","title":{"rendered":"T\u00fanez: El futuro de Siria lo decidir\u00e1 el pueblo sirio"},"content":{"rendered":"<p style=\"text-align: justify;\"><span style=\"color: #800000;\"><strong>T\u00fanez, 1 may (SANA)<\/strong><\/span> El retorno de las relaciones diplom\u00e1ticas entre Siria y T\u00fanez significa devolver los lazos a su estado anterior a la crisis, explic\u00f3 hoy el canciller tunecino, Nabil Ammar.<\/p>\n<p style=\"text-align: justify;\">Ammar agreg\u00f3 que restablecer las relaciones diplom\u00e1ticas a su nivel normal entre T\u00fanez y Siria figuraba una de sus principales misiones desde que asumi\u00f3 el cargo&#8221;.<\/p>\n<p style=\"text-align: justify;\">El ministro tunecino se\u00f1al\u00f3, en declaraciones a la agencia de noticias tunecina, que el nuevo embajador de su pa\u00eds en Siria hab\u00eda recibido sus cartas credenciales y, por su parte, Siria nombrar\u00eda muy pronto un nuevo embajador en T\u00fanez, recalcando que era necesario preservar los intereses comunes de los dos pa\u00edses y ampliar sus campos.<\/p>\n<p style=\"text-align: justify;\">Asimismo, calific\u00f3 de hist\u00f3rica la reciente visita del ministro de Asuntos Exteriores y Expatriados de siria a T\u00fanez, y asegur\u00f3 que su pa\u00eds \u201cno interfiere en los asuntos internos de otros pa\u00edses, y el futuro de Siria lo decidir\u00e1 el pueblo sirio\u201d.<\/p>\n<p style=\"text-align: justify;\">Anteriormente, el presidente de T\u00fanez, Kais Saied, design\u00f3 a Mohamed Al-Mahdhabi como Embajador Extraordinario de su pa\u00eds en Siria.<\/p>\n<p>mm<\/p>\n","protected":false},"excerpt":{"rendered":"<p>T\u00fanez, 1 may (SANA) El retorno de las relaciones diplom\u00e1ticas entre Siria y T\u00fanez significa devolver los lazos a su estado anterior a la crisis, explic\u00f3 hoy el canciller tunecino, Nabil Ammar. Ammar agreg\u00f3 que restablecer las relaciones diplom\u00e1ticas a su nivel normal entre T\u00fanez y Siria figuraba una de sus principales misiones desde que &hellip;<\/p>\n","protected":false},"author":36,"featured_media":295824,"comment_status":"closed","ping_status":"closed","sticky":false,"template":"","format":"standard","meta":{"footnotes":""},"categories":[597,20724,457,467,7541],"tags":[22023,8603],"class_list":["post-295823","post","type-post","status-publish","format-standard","has-post-thumbnail","","category-cinta-de-noticias","category-minuto-a-minuto","category-noticias-arabe-internacional-politica","category-siria-y-el-mundo","category-ultimas-noticias","tag-nabil-ammar","tag-tunez"],"_links":{"self":[{"href":"https:\/\/archive.sana.sy\/es\/index.php?rest_route=\/wp\/v2\/posts\/295823"}],"collection":[{"href":"https:\/\/archive.sana.sy\/es\/index.php?rest_route=\/wp\/v2\/posts"}],"about":[{"href":"https:\/\/archive.sana.sy\/es\/index.php?rest_route=\/wp\/v2\/types\/post"}],"author":[{"embeddable":true,"href":"https:\/\/archive.sana.sy\/es\/index.php?rest_route=\/wp\/v2\/users\/36"}],"replies":[{"embeddable":true,"href":"https:\/\/archive.sana.sy\/es\/index.php?rest_route=%2Fwp%2Fv2%2Fcomments&post=295823"}],"version-history":[{"count":2,"href":"https:\/\/archive.sana.sy\/es\/index.php?rest_route=\/wp\/v2\/posts\/295823\/revisions"}],"predecessor-version":[{"id":295826,"href":"https:\/\/archive.sana.sy\/es\/index.php?rest_route=\/wp\/v2\/posts\/295823\/revisions\/295826"}],"wp:featuredmedia":[{"embeddable":true,"href":"https:\/\/archive.sana.sy\/es\/index.php?rest_route=\/wp\/v2\/media\/295824"}],"wp:attachment":[{"href":"https:\/\/archive.sana.sy\/es\/index.php?rest_route=%2Fwp%2Fv2%2Fmedia&parent=295823"}],"wp:term":[{"taxonomy":"category","embeddable":true,"href":"https:\/\/archive.sana.sy\/es\/index.php?rest_route=%2Fwp%2Fv2%2Fcategories&post=295823"},{"taxonomy":"post_tag","embeddable":true,"href":"https:\/\/archive.sana.sy\/es\/index.php?rest_route=%2Fwp%2Fv2%2Ftags&post=295823"}],"curies":[{"name":"wp","href":"https:\/\/api.w.org\/{rel}","templated":true}]}}