{"id":295834,"date":"2023-05-01T19:47:16","date_gmt":"2023-05-01T16:47:16","guid":{"rendered":"http:\/\/sana.sy\/es\/?p=295834"},"modified":"2023-05-01T19:49:09","modified_gmt":"2023-05-01T16:49:09","slug":"polacos-se-manifiestan-contra-el-continuo-apoyo-militar-al-regimen-ucraniano","status":"publish","type":"post","link":"https:\/\/archive.sana.sy\/es\/?p=295834","title":{"rendered":"Polacos se manifiestan contra el continuo apoyo militar al r\u00e9gimen ucraniano"},"content":{"rendered":"<p style=\"text-align: justify;\"><span style=\"color: #800000;\"><strong>Varsovia, 01 may (SANA)\u00a0 <\/strong><\/span>El Movimiento Anticonflicto de Polonia organiz\u00f3 una manifestaci\u00f3n en el centro de la capital, Varsovia, en la que los participantes denunciaron la implicaci\u00f3n de su pa\u00eds en seguir apoyando al r\u00e9gimen de Kiev.<\/p>\n<p style=\"text-align: justify;\">Seg\u00fan inform\u00f3 la agencia Sputnik, los manifestantes portaban pancartas con los lemas \u201cEsta no es nuestra guerra\u201d, \u201cAqu\u00ed es Polonia, no Bruselas\u201d y \u201cAqu\u00ed no apoyamos a Bandera\u201d, en referencia al l\u00edder nazi ucraniano, Step\u00e1n Bandera, a quien Polonia considera un nazi y un criminal de guerra.<\/p>\n<p style=\"text-align: justify;\">Cabe se\u00f1alar que las autoridades polacas contin\u00faan brindando apoyo militar al r\u00e9gimen de Kiev y tomando medidas m\u00e1s hostiles hacia Rusia, ya que hace unos d\u00edas asaltaron y confiscaron una escuela perteneciente a la embajada rusa.<\/p>\n<p style=\"text-align: justify;\">sm<\/p>\n","protected":false},"excerpt":{"rendered":"<p>Varsovia, 01 may (SANA)\u00a0 El Movimiento Anticonflicto de Polonia organiz\u00f3 una manifestaci\u00f3n en el centro de la capital, Varsovia, en la que los participantes denunciaron la implicaci\u00f3n de su pa\u00eds en seguir apoyando al r\u00e9gimen de Kiev. Seg\u00fan inform\u00f3 la agencia Sputnik, los manifestantes portaban pancartas con los lemas \u201cEsta no es nuestra guerra\u201d, \u201cAqu\u00ed &hellip;<\/p>\n","protected":false},"author":39,"featured_media":295835,"comment_status":"closed","ping_status":"closed","sticky":false,"template":"","format":"standard","meta":{"footnotes":""},"categories":[597,456,16687,20724],"tags":[],"class_list":["post-295834","post","type-post","status-publish","format-standard","has-post-thumbnail","","category-cinta-de-noticias","category-arabe-internacional-politica","category-internacionales","category-minuto-a-minuto"],"_links":{"self":[{"href":"https:\/\/archive.sana.sy\/es\/index.php?rest_route=\/wp\/v2\/posts\/295834"}],"collection":[{"href":"https:\/\/archive.sana.sy\/es\/index.php?rest_route=\/wp\/v2\/posts"}],"about":[{"href":"https:\/\/archive.sana.sy\/es\/index.php?rest_route=\/wp\/v2\/types\/post"}],"author":[{"embeddable":true,"href":"https:\/\/archive.sana.sy\/es\/index.php?rest_route=\/wp\/v2\/users\/39"}],"replies":[{"embeddable":true,"href":"https:\/\/archive.sana.sy\/es\/index.php?rest_route=%2Fwp%2Fv2%2Fcomments&post=295834"}],"version-history":[{"count":4,"href":"https:\/\/archive.sana.sy\/es\/index.php?rest_route=\/wp\/v2\/posts\/295834\/revisions"}],"predecessor-version":[{"id":295839,"href":"https:\/\/archive.sana.sy\/es\/index.php?rest_route=\/wp\/v2\/posts\/295834\/revisions\/295839"}],"wp:featuredmedia":[{"embeddable":true,"href":"https:\/\/archive.sana.sy\/es\/index.php?rest_route=\/wp\/v2\/media\/295835"}],"wp:attachment":[{"href":"https:\/\/archive.sana.sy\/es\/index.php?rest_route=%2Fwp%2Fv2%2Fmedia&parent=295834"}],"wp:term":[{"taxonomy":"category","embeddable":true,"href":"https:\/\/archive.sana.sy\/es\/index.php?rest_route=%2Fwp%2Fv2%2Fcategories&post=295834"},{"taxonomy":"post_tag","embeddable":true,"href":"https:\/\/archive.sana.sy\/es\/index.php?rest_route=%2Fwp%2Fv2%2Ftags&post=295834"}],"curies":[{"name":"wp","href":"https:\/\/api.w.org\/{rel}","templated":true}]}}