{"id":295863,"date":"2023-05-02T10:04:05","date_gmt":"2023-05-02T07:04:05","guid":{"rendered":"http:\/\/sana.sy\/es\/?p=295863"},"modified":"2023-05-02T10:04:05","modified_gmt":"2023-05-02T07:04:05","slug":"prisionero-palestino-fallece-en-carcel-israeli-tras-87-dias-de-huelga-de-hambre","status":"publish","type":"post","link":"https:\/\/archive.sana.sy\/es\/?p=295863","title":{"rendered":"Prisionero palestino fallece en c\u00e1rcel israel\u00ed tras 87 d\u00edas de huelga de hambre"},"content":{"rendered":"<blockquote>\n<p style=\"text-align: justify;\"><span style=\"color: #993300;\">El Club de Prisioneros Palestinos inform\u00f3 que la administraci\u00f3n de los centros de detenci\u00f3n israel\u00edes inform\u00f3 la muerte del prisionero Khader Adnan, de la localidad de Arraba, al sur de Jenin, en Cisjordania, tras una huelga de hambre que se prolong\u00f3 durante 87 d\u00edas, en rechazo a su detenci\u00f3n.<\/span><\/p>\n<\/blockquote>\n<p style=\"text-align: justify;\"><span style=\"color: #800000;\"><strong>Jerusal\u00e9n ocupada, 2 may (SANA)<\/strong> <\/span>Un prisionero palestino falleci\u00f3 hoy en las prisiones del ocupante israel\u00ed como resultado de negligencia m\u00e9dica.<\/p>\n<p style=\"text-align: justify;\">El Club de Prisioneros Palestinos inform\u00f3 que la administraci\u00f3n de los centros de detenci\u00f3n israel\u00edes inform\u00f3 la muerte del prisionero Khader Adnan, de la localidad de Arraba, al sur de Jenin, en Cisjordania, tras una huelga de hambre que se prolong\u00f3 durante 87 d\u00edas, en rechazo a su detenci\u00f3n.<img loading=\"lazy\" decoding=\"async\" class=\"size-medium wp-image-295864 alignright\" src=\"http:\/\/sana.sy\/es\/wp-content\/uploads\/2023\/05\/photo_2023-05-02_10-00-15-300x160.jpg\" alt=\"\" width=\"300\" height=\"160\" srcset=\"https:\/\/archive.sana.sy\/es\/wp-content\/uploads\/2023\/05\/photo_2023-05-02_10-00-15-300x160.jpg 300w, https:\/\/archive.sana.sy\/es\/wp-content\/uploads\/2023\/05\/photo_2023-05-02_10-00-15-150x80.jpg 150w, https:\/\/archive.sana.sy\/es\/wp-content\/uploads\/2023\/05\/photo_2023-05-02_10-00-15-310x165.jpg 310w, https:\/\/archive.sana.sy\/es\/wp-content\/uploads\/2023\/05\/photo_2023-05-02_10-00-15.jpg 500w\" sizes=\"(max-width: 300px) 100vw, 300px\" \/><\/p>\n<p style=\"text-align: justify;\">Adnan anunci\u00f3 su huelga de hambre abierta desde el momento de su detenci\u00f3n el 5 de febrero pasado, despu\u00e9s de que las fuerzas de ocupaci\u00f3n asaltaran su casa en la localidad de Arraba, al sur de Jenin.<\/p>\n<p style=\"text-align: justify;\">La v\u00edspera, un palestino muri\u00f3 y otros resultaron heridos o arrestados durante un asalto de las fuerzas de ocupaci\u00f3n israel\u00edes a \u00e1reas separadas en Cisjordania.<\/p>\n<p style=\"text-align: justify;\">fm\/as<\/p>\n","protected":false},"excerpt":{"rendered":"<p>El Club de Prisioneros Palestinos inform\u00f3 que la administraci\u00f3n de los centros de detenci\u00f3n israel\u00edes inform\u00f3 la muerte del prisionero Khader Adnan, de la localidad de Arraba, al sur de Jenin, en Cisjordania, tras una huelga de hambre que se prolong\u00f3 durante 87 d\u00edas, en rechazo a su detenci\u00f3n. Jerusal\u00e9n ocupada, 2 may (SANA) Un &hellip;<\/p>\n","protected":false},"author":42,"featured_media":295866,"comment_status":"closed","ping_status":"closed","sticky":false,"template":"","format":"standard","meta":{"footnotes":""},"categories":[597,456,16687,20724,7541],"tags":[],"class_list":["post-295863","post","type-post","status-publish","format-standard","has-post-thumbnail","","category-cinta-de-noticias","category-arabe-internacional-politica","category-internacionales","category-minuto-a-minuto","category-ultimas-noticias"],"_links":{"self":[{"href":"https:\/\/archive.sana.sy\/es\/index.php?rest_route=\/wp\/v2\/posts\/295863"}],"collection":[{"href":"https:\/\/archive.sana.sy\/es\/index.php?rest_route=\/wp\/v2\/posts"}],"about":[{"href":"https:\/\/archive.sana.sy\/es\/index.php?rest_route=\/wp\/v2\/types\/post"}],"author":[{"embeddable":true,"href":"https:\/\/archive.sana.sy\/es\/index.php?rest_route=\/wp\/v2\/users\/42"}],"replies":[{"embeddable":true,"href":"https:\/\/archive.sana.sy\/es\/index.php?rest_route=%2Fwp%2Fv2%2Fcomments&post=295863"}],"version-history":[{"count":1,"href":"https:\/\/archive.sana.sy\/es\/index.php?rest_route=\/wp\/v2\/posts\/295863\/revisions"}],"predecessor-version":[{"id":295867,"href":"https:\/\/archive.sana.sy\/es\/index.php?rest_route=\/wp\/v2\/posts\/295863\/revisions\/295867"}],"wp:featuredmedia":[{"embeddable":true,"href":"https:\/\/archive.sana.sy\/es\/index.php?rest_route=\/wp\/v2\/media\/295866"}],"wp:attachment":[{"href":"https:\/\/archive.sana.sy\/es\/index.php?rest_route=%2Fwp%2Fv2%2Fmedia&parent=295863"}],"wp:term":[{"taxonomy":"category","embeddable":true,"href":"https:\/\/archive.sana.sy\/es\/index.php?rest_route=%2Fwp%2Fv2%2Fcategories&post=295863"},{"taxonomy":"post_tag","embeddable":true,"href":"https:\/\/archive.sana.sy\/es\/index.php?rest_route=%2Fwp%2Fv2%2Ftags&post=295863"}],"curies":[{"name":"wp","href":"https:\/\/api.w.org\/{rel}","templated":true}]}}