{"id":295884,"date":"2023-05-02T13:00:08","date_gmt":"2023-05-02T10:00:08","guid":{"rendered":"http:\/\/sana.sy\/es\/?p=295884"},"modified":"2023-05-02T13:00:08","modified_gmt":"2023-05-02T10:00:08","slug":"se-duplican-las-bajas-ucranianas-en-los-combates-en-el-donbas","status":"publish","type":"post","link":"https:\/\/archive.sana.sy\/es\/?p=295884","title":{"rendered":"Se duplican las bajas ucranianas en los combates en el Donb\u00e1s"},"content":{"rendered":"<blockquote>\n<p style=\"text-align: justify;\"><span style=\"color: #993300;\">El n\u00famero de bajas en solo siete d\u00edas lleg\u00f3 a cuatro mil entre militares y mercenarios, en tanto los veh\u00edculos militares destruidos pasaron de 53 a 102<\/span><\/p>\n<\/blockquote>\n<p style=\"text-align: justify;\"><span style=\"color: #800000;\"><strong>Mosc\u00fa, 2 may (SANA)<\/strong><\/span> Las p\u00e9rdidas de personal y equipos militares de las Fuerzas de Ucrania en el frente se duplicaron, seg\u00fan afirm\u00f3 el jefe de la milicia popular de Lugansk, Andrei M\u00e1rochko.<\/p>\n<p>En su canal de Telegram, el funcionario precis\u00f3 que el an\u00e1lisis de las p\u00e9rdidas de efectivos ucranianos en las zonas de K\u00fapiansk, Krasny Lim\u00e1n y la Rep\u00fablica Popular de Donetsk demuestra que el n\u00famero de bajas aument\u00f3 bruscamente en comparaci\u00f3n con la semana anterior.<\/p>\n<p style=\"text-align: justify;\">M\u00e1rochko agreg\u00f3 que, solo en siete d\u00edas, el n\u00famero de bajas lleg\u00f3 a cuatro mil entre militares y mercenarios, en tanto los veh\u00edculos militares destruidos pasaron de 53 a 102.<\/p>\n<p style=\"text-align: justify;\">fm\/as<\/p>\n","protected":false},"excerpt":{"rendered":"<p>El n\u00famero de bajas en solo siete d\u00edas lleg\u00f3 a cuatro mil entre militares y mercenarios, en tanto los veh\u00edculos militares destruidos pasaron de 53 a 102 Mosc\u00fa, 2 may (SANA) Las p\u00e9rdidas de personal y equipos militares de las Fuerzas de Ucrania en el frente se duplicaron, seg\u00fan afirm\u00f3 el jefe de la milicia &hellip;<\/p>\n","protected":false},"author":42,"featured_media":295885,"comment_status":"closed","ping_status":"closed","sticky":false,"template":"","format":"standard","meta":{"footnotes":""},"categories":[597,456,16687,20724,7541],"tags":[],"class_list":["post-295884","post","type-post","status-publish","format-standard","has-post-thumbnail","","category-cinta-de-noticias","category-arabe-internacional-politica","category-internacionales","category-minuto-a-minuto","category-ultimas-noticias"],"_links":{"self":[{"href":"https:\/\/archive.sana.sy\/es\/index.php?rest_route=\/wp\/v2\/posts\/295884"}],"collection":[{"href":"https:\/\/archive.sana.sy\/es\/index.php?rest_route=\/wp\/v2\/posts"}],"about":[{"href":"https:\/\/archive.sana.sy\/es\/index.php?rest_route=\/wp\/v2\/types\/post"}],"author":[{"embeddable":true,"href":"https:\/\/archive.sana.sy\/es\/index.php?rest_route=\/wp\/v2\/users\/42"}],"replies":[{"embeddable":true,"href":"https:\/\/archive.sana.sy\/es\/index.php?rest_route=%2Fwp%2Fv2%2Fcomments&post=295884"}],"version-history":[{"count":1,"href":"https:\/\/archive.sana.sy\/es\/index.php?rest_route=\/wp\/v2\/posts\/295884\/revisions"}],"predecessor-version":[{"id":295886,"href":"https:\/\/archive.sana.sy\/es\/index.php?rest_route=\/wp\/v2\/posts\/295884\/revisions\/295886"}],"wp:featuredmedia":[{"embeddable":true,"href":"https:\/\/archive.sana.sy\/es\/index.php?rest_route=\/wp\/v2\/media\/295885"}],"wp:attachment":[{"href":"https:\/\/archive.sana.sy\/es\/index.php?rest_route=%2Fwp%2Fv2%2Fmedia&parent=295884"}],"wp:term":[{"taxonomy":"category","embeddable":true,"href":"https:\/\/archive.sana.sy\/es\/index.php?rest_route=%2Fwp%2Fv2%2Fcategories&post=295884"},{"taxonomy":"post_tag","embeddable":true,"href":"https:\/\/archive.sana.sy\/es\/index.php?rest_route=%2Fwp%2Fv2%2Ftags&post=295884"}],"curies":[{"name":"wp","href":"https:\/\/api.w.org\/{rel}","templated":true}]}}