{"id":295889,"date":"2023-05-02T13:11:39","date_gmt":"2023-05-02T10:11:39","guid":{"rendered":"http:\/\/sana.sy\/es\/?p=295889"},"modified":"2023-05-02T18:44:46","modified_gmt":"2023-05-02T15:44:46","slug":"295889","status":"publish","type":"post","link":"https:\/\/archive.sana.sy\/es\/?p=295889","title":{"rendered":"Inicia la Primera Jornada Cient\u00edfica de la Facultad de Humanidades"},"content":{"rendered":"<p style=\"text-align: justify\"><span style=\"color: #800000\"><strong>Damasco, 2 may (SANA)<\/strong> <\/span>Con motivo del centenario de la fundaci\u00f3n de la Universidad de Damasco, inici\u00f3 la Primera Jornada Cient\u00edfica de la Facultad de Humanidades.<\/p>\n<p style=\"text-align: justify\">Las actividades de la jornada incluir\u00e1n una competencia cient\u00edfica, que se realiza por primera vez en las universidades sirias.<\/p>\n<p style=\"text-align: justify\">\n<p style=\"text-align: justify\">fm\/ed<\/p>\n","protected":false},"excerpt":{"rendered":"<p>Damasco, 2 may (SANA) Con motivo del centenario de la fundaci\u00f3n de la Universidad de Damasco, inici\u00f3 la Primera Jornada Cient\u00edfica de la Facultad de Humanidades. Las actividades de la jornada incluir\u00e1n una competencia cient\u00edfica, que se realiza por primera vez en las universidades sirias. fm\/ed<\/p>\n","protected":false},"author":32,"featured_media":295891,"comment_status":"closed","ping_status":"closed","sticky":false,"template":"","format":"standard","meta":{"footnotes":""},"categories":[477,597,476,7541],"tags":[],"class_list":["post-295889","post","type-post","status-publish","format-standard","has-post-thumbnail","","category-noticias-edulcorantes","category-cinta-de-noticias","category-locales","category-ultimas-noticias"],"_links":{"self":[{"href":"https:\/\/archive.sana.sy\/es\/index.php?rest_route=\/wp\/v2\/posts\/295889"}],"collection":[{"href":"https:\/\/archive.sana.sy\/es\/index.php?rest_route=\/wp\/v2\/posts"}],"about":[{"href":"https:\/\/archive.sana.sy\/es\/index.php?rest_route=\/wp\/v2\/types\/post"}],"author":[{"embeddable":true,"href":"https:\/\/archive.sana.sy\/es\/index.php?rest_route=\/wp\/v2\/users\/32"}],"replies":[{"embeddable":true,"href":"https:\/\/archive.sana.sy\/es\/index.php?rest_route=%2Fwp%2Fv2%2Fcomments&post=295889"}],"version-history":[{"count":4,"href":"https:\/\/archive.sana.sy\/es\/index.php?rest_route=\/wp\/v2\/posts\/295889\/revisions"}],"predecessor-version":[{"id":295945,"href":"https:\/\/archive.sana.sy\/es\/index.php?rest_route=\/wp\/v2\/posts\/295889\/revisions\/295945"}],"wp:featuredmedia":[{"embeddable":true,"href":"https:\/\/archive.sana.sy\/es\/index.php?rest_route=\/wp\/v2\/media\/295891"}],"wp:attachment":[{"href":"https:\/\/archive.sana.sy\/es\/index.php?rest_route=%2Fwp%2Fv2%2Fmedia&parent=295889"}],"wp:term":[{"taxonomy":"category","embeddable":true,"href":"https:\/\/archive.sana.sy\/es\/index.php?rest_route=%2Fwp%2Fv2%2Fcategories&post=295889"},{"taxonomy":"post_tag","embeddable":true,"href":"https:\/\/archive.sana.sy\/es\/index.php?rest_route=%2Fwp%2Fv2%2Ftags&post=295889"}],"curies":[{"name":"wp","href":"https:\/\/api.w.org\/{rel}","templated":true}]}}