{"id":295893,"date":"2023-05-02T13:14:16","date_gmt":"2023-05-02T10:14:16","guid":{"rendered":"http:\/\/sana.sy\/es\/?p=295893"},"modified":"2023-05-02T13:14:16","modified_gmt":"2023-05-02T10:14:16","slug":"inicia-conferencia-de-de-energias-renovables-2023","status":"publish","type":"post","link":"https:\/\/archive.sana.sy\/es\/?p=295893","title":{"rendered":"Inicia Conferencia de de Energ\u00edas Renovables 2023"},"content":{"rendered":"<p style=\"text-align: justify;\"><span style=\"color: #800000;\"><strong>Damasco, 2 may (SANA)\u00a0<\/strong><\/span> Bajo el lema \u201csoluciones y estrategias de energ\u00eda renovable\u201d, la Conferencia de Ingenier\u00eda para Energ\u00edas Renovables 2023 inici\u00f3 hoy en la Facultad de Ingenier\u00eda Mec\u00e1nica y El\u00e9ctrica de la Universidad de Damasco.<\/p>\n<p style=\"text-align: justify;\">Nota en desarrollo<\/p>\n<p style=\"text-align: justify;\">fm\/ed<\/p>\n","protected":false},"excerpt":{"rendered":"<p>Damasco, 2 may (SANA)\u00a0 Bajo el lema \u201csoluciones y estrategias de energ\u00eda renovable\u201d, la Conferencia de Ingenier\u00eda para Energ\u00edas Renovables 2023 inici\u00f3 hoy en la Facultad de Ingenier\u00eda Mec\u00e1nica y El\u00e9ctrica de la Universidad de Damasco. Nota en desarrollo fm\/ed<\/p>\n","protected":false},"author":32,"featured_media":295894,"comment_status":"closed","ping_status":"closed","sticky":false,"template":"","format":"standard","meta":{"footnotes":""},"categories":[477,597,476,7541],"tags":[],"class_list":["post-295893","post","type-post","status-publish","format-standard","has-post-thumbnail","","category-noticias-edulcorantes","category-cinta-de-noticias","category-locales","category-ultimas-noticias"],"_links":{"self":[{"href":"https:\/\/archive.sana.sy\/es\/index.php?rest_route=\/wp\/v2\/posts\/295893"}],"collection":[{"href":"https:\/\/archive.sana.sy\/es\/index.php?rest_route=\/wp\/v2\/posts"}],"about":[{"href":"https:\/\/archive.sana.sy\/es\/index.php?rest_route=\/wp\/v2\/types\/post"}],"author":[{"embeddable":true,"href":"https:\/\/archive.sana.sy\/es\/index.php?rest_route=\/wp\/v2\/users\/32"}],"replies":[{"embeddable":true,"href":"https:\/\/archive.sana.sy\/es\/index.php?rest_route=%2Fwp%2Fv2%2Fcomments&post=295893"}],"version-history":[{"count":2,"href":"https:\/\/archive.sana.sy\/es\/index.php?rest_route=\/wp\/v2\/posts\/295893\/revisions"}],"predecessor-version":[{"id":295898,"href":"https:\/\/archive.sana.sy\/es\/index.php?rest_route=\/wp\/v2\/posts\/295893\/revisions\/295898"}],"wp:featuredmedia":[{"embeddable":true,"href":"https:\/\/archive.sana.sy\/es\/index.php?rest_route=\/wp\/v2\/media\/295894"}],"wp:attachment":[{"href":"https:\/\/archive.sana.sy\/es\/index.php?rest_route=%2Fwp%2Fv2%2Fmedia&parent=295893"}],"wp:term":[{"taxonomy":"category","embeddable":true,"href":"https:\/\/archive.sana.sy\/es\/index.php?rest_route=%2Fwp%2Fv2%2Fcategories&post=295893"},{"taxonomy":"post_tag","embeddable":true,"href":"https:\/\/archive.sana.sy\/es\/index.php?rest_route=%2Fwp%2Fv2%2Ftags&post=295893"}],"curies":[{"name":"wp","href":"https:\/\/api.w.org\/{rel}","templated":true}]}}