{"id":295956,"date":"2023-05-02T20:29:13","date_gmt":"2023-05-02T17:29:13","guid":{"rendered":"http:\/\/sana.sy\/es\/?p=295956"},"modified":"2023-05-02T20:29:13","modified_gmt":"2023-05-02T17:29:13","slug":"sudan-acuerdan-una-tregua-de-7-dias","status":"publish","type":"post","link":"https:\/\/archive.sana.sy\/es\/?p=295956","title":{"rendered":"Sud\u00e1n: Acuerdan una tregua de 7 d\u00edas"},"content":{"rendered":"<p style=\"text-align: justify;\"><span style=\"color: #800000;\"><strong>Yuba, 2 may (SANA)<\/strong><\/span> El Ministerio de Relaciones Exteriores de Sud\u00e1n del Sur anunci\u00f3 que las partes sudanesas acordaron una tregua de una semana, a partir del pr\u00f3ximo jueves.<\/p>\n<p style=\"text-align: justify;\">\u201cEl presidente del Consejo de Soberan\u00eda, el comandante en jefe de las Fuerzas Armadas de Sud\u00e1n, Abdel Fattah Al-Burhan, y el comandante de las Fuerzas de Apoyo R\u00e1pido, Muhammad Hamdan. Daglo, acodaron una tregua de siete d\u00edas del 4 al 11 de mayo\u201d, detall\u00f3 el comunicado de la Canciller\u00eda.<\/p>\n<p style=\"text-align: justify;\">La declaraci\u00f3n agreg\u00f3: \u201cAl-Burhan y Daglo tambi\u00e9n acordaron nombrar un representante para cada uno de ellos a fin de entablar conversaciones para poner fin a la crisis actual en el pa\u00eds\u201d.<\/p>\n<p style=\"text-align: justify;\">La capital sudanesa, Jartum, y varias regiones del pa\u00eds han sido testigos de enfrentamientos desde el 15 del mes pasado, entre las fuerzas del ej\u00e9rcito sudan\u00e9s y las Fuerzas de Apoyo R\u00e1pido, que se saldaron con bajas civiles y militares.<\/p>\n<p>mm<\/p>\n","protected":false},"excerpt":{"rendered":"<p>Yuba, 2 may (SANA) El Ministerio de Relaciones Exteriores de Sud\u00e1n del Sur anunci\u00f3 que las partes sudanesas acordaron una tregua de una semana, a partir del pr\u00f3ximo jueves. \u201cEl presidente del Consejo de Soberan\u00eda, el comandante en jefe de las Fuerzas Armadas de Sud\u00e1n, Abdel Fattah Al-Burhan, y el comandante de las Fuerzas de &hellip;<\/p>\n","protected":false},"author":36,"featured_media":295957,"comment_status":"closed","ping_status":"closed","sticky":false,"template":"","format":"standard","meta":{"footnotes":""},"categories":[597,456,16687,20724,457],"tags":[21006],"class_list":["post-295956","post","type-post","status-publish","format-standard","has-post-thumbnail","","category-cinta-de-noticias","category-arabe-internacional-politica","category-internacionales","category-minuto-a-minuto","category-noticias-arabe-internacional-politica","tag-sudan"],"_links":{"self":[{"href":"https:\/\/archive.sana.sy\/es\/index.php?rest_route=\/wp\/v2\/posts\/295956"}],"collection":[{"href":"https:\/\/archive.sana.sy\/es\/index.php?rest_route=\/wp\/v2\/posts"}],"about":[{"href":"https:\/\/archive.sana.sy\/es\/index.php?rest_route=\/wp\/v2\/types\/post"}],"author":[{"embeddable":true,"href":"https:\/\/archive.sana.sy\/es\/index.php?rest_route=\/wp\/v2\/users\/36"}],"replies":[{"embeddable":true,"href":"https:\/\/archive.sana.sy\/es\/index.php?rest_route=%2Fwp%2Fv2%2Fcomments&post=295956"}],"version-history":[{"count":1,"href":"https:\/\/archive.sana.sy\/es\/index.php?rest_route=\/wp\/v2\/posts\/295956\/revisions"}],"predecessor-version":[{"id":295958,"href":"https:\/\/archive.sana.sy\/es\/index.php?rest_route=\/wp\/v2\/posts\/295956\/revisions\/295958"}],"wp:featuredmedia":[{"embeddable":true,"href":"https:\/\/archive.sana.sy\/es\/index.php?rest_route=\/wp\/v2\/media\/295957"}],"wp:attachment":[{"href":"https:\/\/archive.sana.sy\/es\/index.php?rest_route=%2Fwp%2Fv2%2Fmedia&parent=295956"}],"wp:term":[{"taxonomy":"category","embeddable":true,"href":"https:\/\/archive.sana.sy\/es\/index.php?rest_route=%2Fwp%2Fv2%2Fcategories&post=295956"},{"taxonomy":"post_tag","embeddable":true,"href":"https:\/\/archive.sana.sy\/es\/index.php?rest_route=%2Fwp%2Fv2%2Ftags&post=295956"}],"curies":[{"name":"wp","href":"https:\/\/api.w.org\/{rel}","templated":true}]}}