{"id":296062,"date":"2023-05-03T17:00:12","date_gmt":"2023-05-03T14:00:12","guid":{"rendered":"http:\/\/sana.sy\/es\/?p=296062"},"modified":"2023-05-04T10:57:24","modified_gmt":"2023-05-04T07:57:24","slug":"presidente-de-siria-e-iran-firman-plan-de-cooperacion-estrategica-de-largo-plazo","status":"publish","type":"post","link":"https:\/\/archive.sana.sy\/es\/?p=296062","title":{"rendered":"Presidentes de Siria e Ir\u00e1n firman plan de cooperaci\u00f3n estrat\u00e9gica de largo plazo"},"content":{"rendered":"<p style=\"text-align: justify;\"><span style=\"color: #800000;\"><strong>Damasco, 3 may (SANA)<\/strong> <\/span>Los presidentes de Siria, Bashar Al-Assad, y de Ir\u00e1n, Ibrahim Raisi, firmaron el Memorando de Entendimiento del plan integral de cooperaci\u00f3n estrat\u00e9gica a largo plazo que abarc\u00f3 varios campos:<\/p>\n<ul style=\"list-style-type: square; text-align: justify;\">\n<li style=\"text-align: justify;\">Un Memorando de Entendimiento para la cooperaci\u00f3n en el campo agr\u00edcola.<\/li>\n<li style=\"text-align: justify;\">El acta de una reuni\u00f3n para la cooperaci\u00f3n en el campo de los ferrocarriles.<\/li>\n<li style=\"text-align: justify;\">Memor\u00e1ndum de Entendimiento sobre el reconocimiento mutuo de t\u00edtulos mar\u00edtimos.<\/li>\n<li style=\"text-align: justify;\">El acta de una reuni\u00f3n de aviaci\u00f3n civil.<\/li>\n<li style=\"text-align: justify;\">Un Memorando de Entendimiento en materia de zonas francas.<\/li>\n<li style=\"text-align: justify;\">Un Memorando de Entendimiento para la cooperaci\u00f3n en el campo petrolero.<\/li>\n<li style=\"text-align: justify;\">Un Memorando de Entendimiento entre el Centro Nacional de Terremotos de Siria y el Instituto Internacional de Ingenier\u00eda S\u00edsmica de Ir\u00e1n.<\/li>\n<li style=\"text-align: justify;\">Memorando de Entendimiento para la cooperaci\u00f3n en el campo de las telecomunicaciones y la tecnolog\u00eda de la informaci\u00f3n.<\/li>\n<\/ul>\n<p style=\"text-align: justify;\"><span style=\"color: #0000ff;\">Al-Assad: Los acuerdos firmados dar\u00e1n un impulso a las relaciones sirio-iran\u00edes<\/span><\/p>\n<p style=\"text-align: justify;\">En declaraciones a la prensa tras la firma de los documentos, el presidente Al-Assad dijo que las relaciones econ\u00f3micas ocuparon un espacio importante en los debates entre las dos partes.<\/p>\n<p style=\"text-align: justify;\">\u201cLos memorandos de entendimiento firmados y los proyectos que se discutieron dar\u00e1n un gran impulso a las relaciones a trav\u00e9s del desarrollo de mecanismos que eleven el nivel de intercambio comercial e inversi\u00f3n y mitiguen los efectos de las sanciones que se nos imponen\u201d, manifest\u00f3 el mandatario.<\/p>\n<p style=\"text-align: justify;\">Seg\u00fan Al-Assad, hay que beneficiarse del cambio en el mapa econ\u00f3mico mundial y del desplazamiento gradual del equilibrio hacia el Este, lo que liberar\u00eda a las econom\u00edas internacionales del dominio de Occidente y el bloqueo ir\u00eda perdiendo sus efectos.<\/p>\n<p style=\"text-align: justify;\">Por otro lado, Al-Assad dijo que Damasco acoge bien el desarrollo de las relaciones entre la Rep\u00fablica Isl\u00e1mica de Ir\u00e1n y el Reino de Arabia Saudita, y considera que esto tendr\u00e1 un gran impacto positivo en la inmunidad de los pa\u00edses en esta importante parte del mundo. \u201cEsta inmunidad es lo que m\u00e1s necesitamos hoy frente a la entidad sionista anormal que vive solo de la sangre y la muerte\u201d, explic\u00f3.<\/p>\n<p style=\"text-align: justify;\">Sobre los recientes contactos entre Siria, Turqu\u00eda, Ir\u00e1n y Rusia en Mosc\u00fa, el presidente subray\u00f3 la importancia de esta iniciativa mientras tenga como meta la retirada de las fuerzas de ocupaci\u00f3n y el cese del apoyo a los grupos terroristas.<\/p>\n<p style=\"text-align: justify;\">En este contexto, agradeci\u00f3 al presidente Raisi por el papel activo que desempe\u00f1a Ir\u00e1n junto con Rusia, para hacer que esta importante iniciativa sea un \u00e9xito.<\/p>\n<p style=\"text-align: justify;\"><span style=\"color: #0000ff;\">Raisi: apoyaremos al pueblo sirio en la fase de reconstrucci\u00f3n<\/span><\/p>\n<p style=\"text-align: justify;\">A su vez, el presidente Raisi dijo: \u201cEstamos decididos a desarrollar las relaciones entre nosotros y los pa\u00edses de la regi\u00f3n\u201d.<\/p>\n<p style=\"text-align: justify;\">\u201cTodos los memorandos de entendimiento, especialmente en los campos econ\u00f3mico y comercial, pueden redundar en inter\u00e9s de los dos pa\u00edses y en la ampliaci\u00f3n de las relaciones entre ellos\u201d, consider\u00f3.<\/p>\n<p style=\"text-align: justify;\">Manifest\u00f3 que \u201cel pueblo sirio ha soportado, resistido y perseverado, y valoramos esta firmeza, y los pa\u00edses que no pudieron alcanzar sus objetivos maliciosos a trav\u00e9s de medidas militares est\u00e1n tratando de alcanzar los mismos objetivos en otros campos, incluido lo pol\u00edtico y lo econ\u00f3mico\u201d.<\/p>\n<p style=\"text-align: justify;\">\u201cEstamos del lado del gobierno y el pueblo sirios&#8230; los apoyamos en su enfrentamiento a los grupos terroristas y los apoyaremos en la etapa de reconstrucci\u00f3n\u201d, dijo.<\/p>\n<div id='gallery-1' class='gallery galleryid-296062 gallery-columns-1 gallery-size-large'><figure class='gallery-item'>\n\t\t\t<div class='gallery-icon landscape'>\n\t\t\t\t<a href='https:\/\/archive.sana.sy\/es\/wp-content\/uploads\/2023\/05\/Presidente-Al-Assad-y-el-presidente-irani-Raisi-firman-varios-acuerdos-estrategicos-1.jpeg'><img loading=\"lazy\" decoding=\"async\" width=\"618\" height=\"423\" src=\"https:\/\/archive.sana.sy\/es\/wp-content\/uploads\/2023\/05\/Presidente-Al-Assad-y-el-presidente-irani-Raisi-firman-varios-acuerdos-estrategicos-1-1024x701.jpeg\" class=\"attachment-large size-large\" alt=\"\" srcset=\"https:\/\/archive.sana.sy\/es\/wp-content\/uploads\/2023\/05\/Presidente-Al-Assad-y-el-presidente-irani-Raisi-firman-varios-acuerdos-estrategicos-1-1024x701.jpeg 1024w, https:\/\/archive.sana.sy\/es\/wp-content\/uploads\/2023\/05\/Presidente-Al-Assad-y-el-presidente-irani-Raisi-firman-varios-acuerdos-estrategicos-1-300x205.jpeg 300w, https:\/\/archive.sana.sy\/es\/wp-content\/uploads\/2023\/05\/Presidente-Al-Assad-y-el-presidente-irani-Raisi-firman-varios-acuerdos-estrategicos-1-150x103.jpeg 150w, https:\/\/archive.sana.sy\/es\/wp-content\/uploads\/2023\/05\/Presidente-Al-Assad-y-el-presidente-irani-Raisi-firman-varios-acuerdos-estrategicos-1-768x526.jpeg 768w, https:\/\/archive.sana.sy\/es\/wp-content\/uploads\/2023\/05\/Presidente-Al-Assad-y-el-presidente-irani-Raisi-firman-varios-acuerdos-estrategicos-1-110x75.jpeg 110w, https:\/\/archive.sana.sy\/es\/wp-content\/uploads\/2023\/05\/Presidente-Al-Assad-y-el-presidente-irani-Raisi-firman-varios-acuerdos-estrategicos-1.jpeg 1280w\" sizes=\"(max-width: 618px) 100vw, 618px\" \/><\/a>\n\t\t\t<\/div><\/figure><figure class='gallery-item'>\n\t\t\t<div class='gallery-icon landscape'>\n\t\t\t\t<a href='https:\/\/archive.sana.sy\/es\/wp-content\/uploads\/2023\/05\/Presidente-Al-Assad-y-el-presidente-irani-Raisi-firman-varios-acuerdos-estrategicos-2.jpeg'><img loading=\"lazy\" decoding=\"async\" width=\"618\" height=\"330\" src=\"https:\/\/archive.sana.sy\/es\/wp-content\/uploads\/2023\/05\/Presidente-Al-Assad-y-el-presidente-irani-Raisi-firman-varios-acuerdos-estrategicos-2-1024x546.jpeg\" class=\"attachment-large size-large\" alt=\"\" srcset=\"https:\/\/archive.sana.sy\/es\/wp-content\/uploads\/2023\/05\/Presidente-Al-Assad-y-el-presidente-irani-Raisi-firman-varios-acuerdos-estrategicos-2-1024x546.jpeg 1024w, https:\/\/archive.sana.sy\/es\/wp-content\/uploads\/2023\/05\/Presidente-Al-Assad-y-el-presidente-irani-Raisi-firman-varios-acuerdos-estrategicos-2-300x160.jpeg 300w, https:\/\/archive.sana.sy\/es\/wp-content\/uploads\/2023\/05\/Presidente-Al-Assad-y-el-presidente-irani-Raisi-firman-varios-acuerdos-estrategicos-2-150x80.jpeg 150w, https:\/\/archive.sana.sy\/es\/wp-content\/uploads\/2023\/05\/Presidente-Al-Assad-y-el-presidente-irani-Raisi-firman-varios-acuerdos-estrategicos-2-768x410.jpeg 768w, https:\/\/archive.sana.sy\/es\/wp-content\/uploads\/2023\/05\/Presidente-Al-Assad-y-el-presidente-irani-Raisi-firman-varios-acuerdos-estrategicos-2-310x165.jpeg 310w, https:\/\/archive.sana.sy\/es\/wp-content\/uploads\/2023\/05\/Presidente-Al-Assad-y-el-presidente-irani-Raisi-firman-varios-acuerdos-estrategicos-2.jpeg 1280w\" sizes=\"(max-width: 618px) 100vw, 618px\" \/><\/a>\n\t\t\t<\/div><\/figure><figure class='gallery-item'>\n\t\t\t<div class='gallery-icon landscape'>\n\t\t\t\t<a href='https:\/\/archive.sana.sy\/es\/wp-content\/uploads\/2023\/05\/declaraciones-del-presidente-al-Assad-despues-de-la-firma-de-los-acuerdos.jpg'><img loading=\"lazy\" decoding=\"async\" width=\"618\" height=\"412\" src=\"https:\/\/archive.sana.sy\/es\/wp-content\/uploads\/2023\/05\/declaraciones-del-presidente-al-Assad-despues-de-la-firma-de-los-acuerdos-1024x682.jpg\" class=\"attachment-large size-large\" alt=\"\" srcset=\"https:\/\/archive.sana.sy\/es\/wp-content\/uploads\/2023\/05\/declaraciones-del-presidente-al-Assad-despues-de-la-firma-de-los-acuerdos-1024x682.jpg 1024w, https:\/\/archive.sana.sy\/es\/wp-content\/uploads\/2023\/05\/declaraciones-del-presidente-al-Assad-despues-de-la-firma-de-los-acuerdos-300x200.jpg 300w, https:\/\/archive.sana.sy\/es\/wp-content\/uploads\/2023\/05\/declaraciones-del-presidente-al-Assad-despues-de-la-firma-de-los-acuerdos-150x100.jpg 150w, https:\/\/archive.sana.sy\/es\/wp-content\/uploads\/2023\/05\/declaraciones-del-presidente-al-Assad-despues-de-la-firma-de-los-acuerdos-768x512.jpg 768w, https:\/\/archive.sana.sy\/es\/wp-content\/uploads\/2023\/05\/declaraciones-del-presidente-al-Assad-despues-de-la-firma-de-los-acuerdos.jpg 1280w\" sizes=\"(max-width: 618px) 100vw, 618px\" \/><\/a>\n\t\t\t<\/div><\/figure><figure class='gallery-item'>\n\t\t\t<div class='gallery-icon landscape'>\n\t\t\t\t<a href='https:\/\/archive.sana.sy\/es\/wp-content\/uploads\/2023\/05\/declaraciones-del-presidente-al-Assad-despues-de-la-firma-de-los-acuerdos-0.jpg'><img loading=\"lazy\" decoding=\"async\" width=\"618\" height=\"358\" src=\"https:\/\/archive.sana.sy\/es\/wp-content\/uploads\/2023\/05\/declaraciones-del-presidente-al-Assad-despues-de-la-firma-de-los-acuerdos-0-1024x594.jpg\" class=\"attachment-large size-large\" alt=\"\" srcset=\"https:\/\/archive.sana.sy\/es\/wp-content\/uploads\/2023\/05\/declaraciones-del-presidente-al-Assad-despues-de-la-firma-de-los-acuerdos-0-1024x594.jpg 1024w, https:\/\/archive.sana.sy\/es\/wp-content\/uploads\/2023\/05\/declaraciones-del-presidente-al-Assad-despues-de-la-firma-de-los-acuerdos-0-300x174.jpg 300w, https:\/\/archive.sana.sy\/es\/wp-content\/uploads\/2023\/05\/declaraciones-del-presidente-al-Assad-despues-de-la-firma-de-los-acuerdos-0-150x87.jpg 150w, https:\/\/archive.sana.sy\/es\/wp-content\/uploads\/2023\/05\/declaraciones-del-presidente-al-Assad-despues-de-la-firma-de-los-acuerdos-0-768x445.jpg 768w, https:\/\/archive.sana.sy\/es\/wp-content\/uploads\/2023\/05\/declaraciones-del-presidente-al-Assad-despues-de-la-firma-de-los-acuerdos-0.jpg 1280w\" sizes=\"(max-width: 618px) 100vw, 618px\" \/><\/a>\n\t\t\t<\/div><\/figure>\n\t\t<\/div>\n\n<p style=\"text-align: justify;\">fm\/as\/la<\/p>\n","protected":false},"excerpt":{"rendered":"<p>Damasco, 3 may (SANA) Los presidentes de Siria, Bashar Al-Assad, y de Ir\u00e1n, Ibrahim Raisi, firmaron el Memorando de Entendimiento del plan integral de cooperaci\u00f3n estrat\u00e9gica a largo plazo que abarc\u00f3 varios campos: Un Memorando de Entendimiento para la cooperaci\u00f3n en el campo agr\u00edcola. El acta de una reuni\u00f3n para la cooperaci\u00f3n en el campo &hellip;<\/p>\n","protected":false},"author":42,"featured_media":296079,"comment_status":"closed","ping_status":"closed","sticky":false,"template":"","format":"standard","meta":{"footnotes":""},"categories":[477,447,597,20724,16237,583],"tags":[],"class_list":["post-296062","post","type-post","status-publish","format-standard","has-post-thumbnail","","category-noticias-edulcorantes","category-local-politica","category-cinta-de-noticias","category-minuto-a-minuto","category-presidence-de-la-republique-arabe-syria","category-slide"],"_links":{"self":[{"href":"https:\/\/archive.sana.sy\/es\/index.php?rest_route=\/wp\/v2\/posts\/296062"}],"collection":[{"href":"https:\/\/archive.sana.sy\/es\/index.php?rest_route=\/wp\/v2\/posts"}],"about":[{"href":"https:\/\/archive.sana.sy\/es\/index.php?rest_route=\/wp\/v2\/types\/post"}],"author":[{"embeddable":true,"href":"https:\/\/archive.sana.sy\/es\/index.php?rest_route=\/wp\/v2\/users\/42"}],"replies":[{"embeddable":true,"href":"https:\/\/archive.sana.sy\/es\/index.php?rest_route=%2Fwp%2Fv2%2Fcomments&post=296062"}],"version-history":[{"count":10,"href":"https:\/\/archive.sana.sy\/es\/index.php?rest_route=\/wp\/v2\/posts\/296062\/revisions"}],"predecessor-version":[{"id":296188,"href":"https:\/\/archive.sana.sy\/es\/index.php?rest_route=\/wp\/v2\/posts\/296062\/revisions\/296188"}],"wp:featuredmedia":[{"embeddable":true,"href":"https:\/\/archive.sana.sy\/es\/index.php?rest_route=\/wp\/v2\/media\/296079"}],"wp:attachment":[{"href":"https:\/\/archive.sana.sy\/es\/index.php?rest_route=%2Fwp%2Fv2%2Fmedia&parent=296062"}],"wp:term":[{"taxonomy":"category","embeddable":true,"href":"https:\/\/archive.sana.sy\/es\/index.php?rest_route=%2Fwp%2Fv2%2Fcategories&post=296062"},{"taxonomy":"post_tag","embeddable":true,"href":"https:\/\/archive.sana.sy\/es\/index.php?rest_route=%2Fwp%2Fv2%2Ftags&post=296062"}],"curies":[{"name":"wp","href":"https:\/\/api.w.org\/{rel}","templated":true}]}}