{"id":296085,"date":"2023-05-03T17:12:08","date_gmt":"2023-05-03T14:12:08","guid":{"rendered":"http:\/\/sana.sy\/es\/?p=296085"},"modified":"2023-05-03T18:32:37","modified_gmt":"2023-05-03T15:32:37","slug":"ee-uu-se-lava-las-manos-y-dice-que-no-fue-informado-sobre-el-ataque-con-drones-al-kremlin","status":"publish","type":"post","link":"https:\/\/archive.sana.sy\/es\/?p=296085","title":{"rendered":"EE.UU. se lava las manos y dice que no fue informado sobre el ataque con drones al Kremlin"},"content":{"rendered":"<p style=\"text-align: justify\"><span style=\"color: #800000\"><strong>Washington, 03 may (SANA)<\/strong><\/span> Un funcionario estadounidense citado por la cadena CNN inform\u00f3 que Washington no hab\u00eda recibido con antelaci\u00f3n ninguna informaci\u00f3n sobre el intento de Ucrania de atacar con drones el Kremlin.<\/p>\n<p style=\"text-align: justify\">Agreg\u00f3 que las autoridades norteamericanas estaban analizando la situaci\u00f3n para averiguar qu\u00e9 sucedi\u00f3 exactamente.<\/p>\n<p style=\"text-align: justify\">A su vez, el secretario de Estado de EE.UU., Antony Blinken, afirm\u00f3 que no puede confirmar los reportes sobre el ataque con drones ucranianos.<\/p>\n<p style=\"text-align: justify\">Al responder si Washington condenar\u00eda estos ataques en caso de que se confirme la autor\u00eda de Kiev, Blinken ha indicado que se trata de &#8220;decisiones de Ucrania, c\u00f3mo se va a defender, c\u00f3mo va a recuperar su territorio&#8221;.<\/p>\n<p style=\"text-align: justify\">fm\/la<\/p>\n","protected":false},"excerpt":{"rendered":"<p>Washington, 03 may (SANA) Un funcionario estadounidense citado por la cadena CNN inform\u00f3 que Washington no hab\u00eda recibido con antelaci\u00f3n ninguna informaci\u00f3n sobre el intento de Ucrania de atacar con drones el Kremlin. Agreg\u00f3 que las autoridades norteamericanas estaban analizando la situaci\u00f3n para averiguar qu\u00e9 sucedi\u00f3 exactamente. A su vez, el secretario de Estado de &hellip;<\/p>\n","protected":false},"author":24,"featured_media":296086,"comment_status":"closed","ping_status":"closed","sticky":false,"template":"","format":"standard","meta":{"footnotes":""},"categories":[597,456,16687,20724,7541],"tags":[22033,7132,11632,6695,20357],"class_list":["post-296085","post","type-post","status-publish","format-standard","has-post-thumbnail","","category-cinta-de-noticias","category-arabe-internacional-politica","category-internacionales","category-minuto-a-minuto","category-ultimas-noticias","tag-ataque-con-drones","tag-eeuu","tag-kremlin","tag-rusia","tag-ucrania"],"_links":{"self":[{"href":"https:\/\/archive.sana.sy\/es\/index.php?rest_route=\/wp\/v2\/posts\/296085"}],"collection":[{"href":"https:\/\/archive.sana.sy\/es\/index.php?rest_route=\/wp\/v2\/posts"}],"about":[{"href":"https:\/\/archive.sana.sy\/es\/index.php?rest_route=\/wp\/v2\/types\/post"}],"author":[{"embeddable":true,"href":"https:\/\/archive.sana.sy\/es\/index.php?rest_route=\/wp\/v2\/users\/24"}],"replies":[{"embeddable":true,"href":"https:\/\/archive.sana.sy\/es\/index.php?rest_route=%2Fwp%2Fv2%2Fcomments&post=296085"}],"version-history":[{"count":2,"href":"https:\/\/archive.sana.sy\/es\/index.php?rest_route=\/wp\/v2\/posts\/296085\/revisions"}],"predecessor-version":[{"id":296088,"href":"https:\/\/archive.sana.sy\/es\/index.php?rest_route=\/wp\/v2\/posts\/296085\/revisions\/296088"}],"wp:featuredmedia":[{"embeddable":true,"href":"https:\/\/archive.sana.sy\/es\/index.php?rest_route=\/wp\/v2\/media\/296086"}],"wp:attachment":[{"href":"https:\/\/archive.sana.sy\/es\/index.php?rest_route=%2Fwp%2Fv2%2Fmedia&parent=296085"}],"wp:term":[{"taxonomy":"category","embeddable":true,"href":"https:\/\/archive.sana.sy\/es\/index.php?rest_route=%2Fwp%2Fv2%2Fcategories&post=296085"},{"taxonomy":"post_tag","embeddable":true,"href":"https:\/\/archive.sana.sy\/es\/index.php?rest_route=%2Fwp%2Fv2%2Ftags&post=296085"}],"curies":[{"name":"wp","href":"https:\/\/api.w.org\/{rel}","templated":true}]}}