{"id":296118,"date":"2023-05-03T20:55:44","date_gmt":"2023-05-03T17:55:44","guid":{"rendered":"http:\/\/sana.sy\/es\/?p=296118"},"modified":"2023-05-03T20:55:44","modified_gmt":"2023-05-03T17:55:44","slug":"rusia-tomara-medidas-militares-si-la-otan-decide-utilizar-el-territorio-de-finlandia","status":"publish","type":"post","link":"https:\/\/archive.sana.sy\/es\/?p=296118","title":{"rendered":"Rusia tomar\u00e1 medidas militares si la OTAN decide utilizar el territorio de Finlandia"},"content":{"rendered":"<p style=\"text-align: justify\"><span style=\"color: #800000\"><strong>Mosc\u00fa, 03 may (SANA)<\/strong> <\/span>La portavoz de la Canciller\u00eda rusa, Mar\u00eda Zaj\u00e1rova, subray\u00f3 que Rusia se ver\u00e1 obligada a tomar medidas en caso de que la OTAN decida utilizar el territorio de Finlandia.<\/p>\n<p style=\"text-align: justify\">&#8220;Seguimos de cerca los planes de la OTAN con respecto a Finlandia. Confirmamos que Rusia se ver\u00e1 obligada a tomar medidas de represalia, tanto de car\u00e1cter militar-t\u00e9cnico como de otro tipo, para frenar las amenazas a nuestra seguridad nacional que surjan en este sentido&#8221;, asever\u00f3 la diplom\u00e1tica rusa en su rueda de prensa semanal.<\/p>\n<p style=\"text-align: justify\">Zaj\u00e1rova hizo estas declaraciones en comentarios a un posible acuerdo que permita al ej\u00e9rcito estadounidense usar el territorio finland\u00e9s.<\/p>\n<p style=\"text-align: justify\">\u201cMosc\u00fa considerar\u00e1 tales acciones como una p\u00e9rdida de la soberan\u00eda de Helsinki\u201d, critic\u00f3.<\/p>\n<p style=\"text-align: justify\">&#8220;Sin embargo, tanto la propia Finlandia como la OTAN deben darse cuenta de que llenar el norte de Europa con tropas solo contribuir\u00e1 a aumentar las tensiones militares y pol\u00edticas en esta regi\u00f3n&#8221;, concluy\u00f3 la vocera rusa.<\/p>\n<p style=\"text-align: justify\">En otro contexto, Zaj\u00e1rova advirti\u00f3 sobre una posible expansi\u00f3n de la actividad terrorista en una escala sin precedentes en el mundo, debido a la reventa de armas suministradas por Occidente a Ucrania en el mercado negro.<\/p>\n<p style=\"text-align: justify\">\u201cEstados Unidos busca conseguir m\u00e1s ganancias de esto\u201d, critic\u00f3.<\/p>\n<p style=\"text-align: justify\">\nla<\/p>\n","protected":false},"excerpt":{"rendered":"<p>Mosc\u00fa, 03 may (SANA) La portavoz de la Canciller\u00eda rusa, Mar\u00eda Zaj\u00e1rova, subray\u00f3 que Rusia se ver\u00e1 obligada a tomar medidas en caso de que la OTAN decida utilizar el territorio de Finlandia. &#8220;Seguimos de cerca los planes de la OTAN con respecto a Finlandia. Confirmamos que Rusia se ver\u00e1 obligada a tomar medidas de &hellip;<\/p>\n","protected":false},"author":24,"featured_media":296119,"comment_status":"closed","ping_status":"closed","sticky":false,"template":"","format":"standard","meta":{"footnotes":""},"categories":[447,597,456,16687,20724,448,7541],"tags":[21399,19811,6695],"class_list":["post-296118","post","type-post","status-publish","format-standard","has-post-thumbnail","","category-local-politica","category-cinta-de-noticias","category-arabe-internacional-politica","category-internacionales","category-minuto-a-minuto","category-noticias","category-ultimas-noticias","tag-finlandia","tag-otan","tag-rusia"],"_links":{"self":[{"href":"https:\/\/archive.sana.sy\/es\/index.php?rest_route=\/wp\/v2\/posts\/296118"}],"collection":[{"href":"https:\/\/archive.sana.sy\/es\/index.php?rest_route=\/wp\/v2\/posts"}],"about":[{"href":"https:\/\/archive.sana.sy\/es\/index.php?rest_route=\/wp\/v2\/types\/post"}],"author":[{"embeddable":true,"href":"https:\/\/archive.sana.sy\/es\/index.php?rest_route=\/wp\/v2\/users\/24"}],"replies":[{"embeddable":true,"href":"https:\/\/archive.sana.sy\/es\/index.php?rest_route=%2Fwp%2Fv2%2Fcomments&post=296118"}],"version-history":[{"count":1,"href":"https:\/\/archive.sana.sy\/es\/index.php?rest_route=\/wp\/v2\/posts\/296118\/revisions"}],"predecessor-version":[{"id":296120,"href":"https:\/\/archive.sana.sy\/es\/index.php?rest_route=\/wp\/v2\/posts\/296118\/revisions\/296120"}],"wp:featuredmedia":[{"embeddable":true,"href":"https:\/\/archive.sana.sy\/es\/index.php?rest_route=\/wp\/v2\/media\/296119"}],"wp:attachment":[{"href":"https:\/\/archive.sana.sy\/es\/index.php?rest_route=%2Fwp%2Fv2%2Fmedia&parent=296118"}],"wp:term":[{"taxonomy":"category","embeddable":true,"href":"https:\/\/archive.sana.sy\/es\/index.php?rest_route=%2Fwp%2Fv2%2Fcategories&post=296118"},{"taxonomy":"post_tag","embeddable":true,"href":"https:\/\/archive.sana.sy\/es\/index.php?rest_route=%2Fwp%2Fv2%2Ftags&post=296118"}],"curies":[{"name":"wp","href":"https:\/\/api.w.org\/{rel}","templated":true}]}}