{"id":296261,"date":"2023-05-04T18:00:33","date_gmt":"2023-05-04T15:00:33","guid":{"rendered":"http:\/\/sana.sy\/es\/?p=296261"},"modified":"2023-05-04T18:15:45","modified_gmt":"2023-05-04T15:15:45","slug":"iran-apoya-constantemente-la-soberania-la-independencia-y-la-integridad-territorial-de-siria","status":"publish","type":"post","link":"https:\/\/archive.sana.sy\/es\/?p=296261","title":{"rendered":"Ir\u00e1n apoya constantemente la soberan\u00eda, la independencia y la integridad territorial de Siria"},"content":{"rendered":"<p style=\"text-align: justify;\"><span style=\"color: #800000;\"><strong>Damasco, 04 may (SANA)<\/strong><\/span> En el marco de su visita a Siria, el presidente iran\u00ed, Ibrahim Raisi, se reuni\u00f3 hoy, en su residencia en Damasco, con el ministro de Exteriores y Expatriados de Siria, Faisal Al-Mekdad, y la delegaci\u00f3n acompa\u00f1ante.<\/p>\n<p style=\"text-align: justify;\">Durante la reuni\u00f3n, Raisi ratific\u00f3 el continuo apoyo de Ir\u00e1n a la soberan\u00eda, independencia y unidad territorial de Siria, as\u00ed como elogi\u00f3 los movimientos diplom\u00e1ticos positivos en la regi\u00f3n.<\/p>\n<p style=\"text-align: justify;\">En este contexto, el mandatario iran\u00ed resalt\u00f3 la sabidur\u00eda del presidente Bashar al-Assad y su correcta posici\u00f3n en t\u00e9rminos de abordar los diferentes problemas y desaf\u00edos que enfrenta Siria.<\/p>\n<p style=\"text-align: justify;\">Por su parte, el canciller Al-Mekdad ofreci\u00f3 una panor\u00e1mica de la postura de Siria sobre varios acontecimientos pol\u00edticos en la regi\u00f3n y el mundo, especialmente el reciente impulso diplom\u00e1tico, incluidos los resultados de sus \u00faltimas visitas a varios pa\u00edses \u00e1rabes.<\/p>\n<p style=\"text-align: justify;\">Asimismo, Al-Mekdad abord\u00f3 los preparativos en curso para la participaci\u00f3n de Siria en la reuni\u00f3n de los Cancilleres de Siria, Ir\u00e1n, Rusia y Turqu\u00eda en Mosc\u00fa en los pr\u00f3ximos d\u00edas, y afirm\u00f3 al apego de Damasco a su posici\u00f3n de exigir el fin de la presencia militar ilegal turca en territorio nacional.<\/p>\n<p style=\"text-align: justify;\"><em><strong>ah\/sm<\/strong><\/em><\/p>\n","protected":false},"excerpt":{"rendered":"<p>Damasco, 04 may (SANA) En el marco de su visita a Siria, el presidente iran\u00ed, Ibrahim Raisi, se reuni\u00f3 hoy, en su residencia en Damasco, con el ministro de Exteriores y Expatriados de Siria, Faisal Al-Mekdad, y la delegaci\u00f3n acompa\u00f1ante. Durante la reuni\u00f3n, Raisi ratific\u00f3 el continuo apoyo de Ir\u00e1n a la soberan\u00eda, independencia y &hellip;<\/p>\n","protected":false},"author":30,"featured_media":296262,"comment_status":"closed","ping_status":"closed","sticky":false,"template":"","format":"standard","meta":{"footnotes":""},"categories":[597,20724,467,583],"tags":[],"class_list":["post-296261","post","type-post","status-publish","format-standard","has-post-thumbnail","","category-cinta-de-noticias","category-minuto-a-minuto","category-siria-y-el-mundo","category-slide"],"_links":{"self":[{"href":"https:\/\/archive.sana.sy\/es\/index.php?rest_route=\/wp\/v2\/posts\/296261"}],"collection":[{"href":"https:\/\/archive.sana.sy\/es\/index.php?rest_route=\/wp\/v2\/posts"}],"about":[{"href":"https:\/\/archive.sana.sy\/es\/index.php?rest_route=\/wp\/v2\/types\/post"}],"author":[{"embeddable":true,"href":"https:\/\/archive.sana.sy\/es\/index.php?rest_route=\/wp\/v2\/users\/30"}],"replies":[{"embeddable":true,"href":"https:\/\/archive.sana.sy\/es\/index.php?rest_route=%2Fwp%2Fv2%2Fcomments&post=296261"}],"version-history":[{"count":1,"href":"https:\/\/archive.sana.sy\/es\/index.php?rest_route=\/wp\/v2\/posts\/296261\/revisions"}],"predecessor-version":[{"id":296263,"href":"https:\/\/archive.sana.sy\/es\/index.php?rest_route=\/wp\/v2\/posts\/296261\/revisions\/296263"}],"wp:featuredmedia":[{"embeddable":true,"href":"https:\/\/archive.sana.sy\/es\/index.php?rest_route=\/wp\/v2\/media\/296262"}],"wp:attachment":[{"href":"https:\/\/archive.sana.sy\/es\/index.php?rest_route=%2Fwp%2Fv2%2Fmedia&parent=296261"}],"wp:term":[{"taxonomy":"category","embeddable":true,"href":"https:\/\/archive.sana.sy\/es\/index.php?rest_route=%2Fwp%2Fv2%2Fcategories&post=296261"},{"taxonomy":"post_tag","embeddable":true,"href":"https:\/\/archive.sana.sy\/es\/index.php?rest_route=%2Fwp%2Fv2%2Ftags&post=296261"}],"curies":[{"name":"wp","href":"https:\/\/api.w.org\/{rel}","templated":true}]}}