{"id":296264,"date":"2023-05-04T18:20:17","date_gmt":"2023-05-04T15:20:17","guid":{"rendered":"http:\/\/sana.sy\/es\/?p=296264"},"modified":"2023-05-04T18:20:17","modified_gmt":"2023-05-04T15:20:17","slug":"cancilleria-rusa-los-crimenes-del-regimen-de-kiev-no-quedaran-sin-respuesta-y-confirman-su-falta-de-voluntad-para-la-paz","status":"publish","type":"post","link":"https:\/\/archive.sana.sy\/es\/?p=296264","title":{"rendered":"Canciller\u00eda rusa: Los cr\u00edmenes del r\u00e9gimen de Kiev no quedar\u00e1n sin respuesta y confirman su falta de voluntad para la paz"},"content":{"rendered":"<p style=\"text-align: justify;\"><span style=\"color: #800000;\"><strong>Mosc\u00fa, 04 may (SANA)<\/strong><\/span> La Canciller\u00eda rusa conden\u00f3 en\u00e9rgicamente el ataque terrorista con drones del r\u00e9gimen de Kiev al Kremlin, y enfatiz\u00f3 que tales cr\u00edmenes confirman la falta de voluntad del r\u00e9gimen de Kiev para la paz y no quedar\u00e1n sin respuesta.<\/p>\n<p style=\"text-align: justify;\">\u201cNo cabe duda de que el r\u00e9gimen de Kiev est\u00e1 detr\u00e1s de esos ataques siendo el r\u00e9gimen que siempre ha apoyado y utilizado m\u00e9todos terroristas contra la infraestructura y la poblaci\u00f3n civiles\u201d, declar\u00f3 la Canciller\u00eda en un comunicado emitido hoy.<\/p>\n<p style=\"text-align: justify;\">Agreg\u00f3 que la gravedad de estos crimines radica en que el Kremlin de Mosc\u00fa es la residencia del Presidente ruso, y la imprudencia de las autoridades ucranianas neonazis radica en el hecho de que el intento de asesinato del presidente ruso ocurri\u00f3 en v\u00edsperas del D\u00eda de la Victoria y el desfile militar que se llevar\u00e1 a cabo el 9 de mayo.<\/p>\n<p style=\"text-align: justify;\">La Canciller\u00eda enfatiz\u00f3 que tales cr\u00edmenes no deben pasar sin respuesta, y se\u00f1al\u00f3 que el Comit\u00e9 ruso de Investigaci\u00f3n abri\u00f3 un caso penal y todos los perpetradores ser\u00e1n encontrados y se les esperar\u00e1 un castigo severo e inevitable.<\/p>\n<p style=\"text-align: justify;\">\u201cLas acciones criminales del r\u00e9gimen ucraniano demuestran una vez m\u00e1s su desgana para la paz y la resoluci\u00f3n del conflicto por medios pol\u00edticos y diplom\u00e1ticos, y evidencian la necesidad de lograr todos los objetivos y prop\u00f3sitos de la operaci\u00f3n militar de manera clara\u201d, a\u00f1adi\u00f3 el comunicado.<\/p>\n<p style=\"text-align: justify;\"><em><strong>ah\/sm<\/strong><\/em><\/p>\n","protected":false},"excerpt":{"rendered":"<p>Mosc\u00fa, 04 may (SANA) La Canciller\u00eda rusa conden\u00f3 en\u00e9rgicamente el ataque terrorista con drones del r\u00e9gimen de Kiev al Kremlin, y enfatiz\u00f3 que tales cr\u00edmenes confirman la falta de voluntad del r\u00e9gimen de Kiev para la paz y no quedar\u00e1n sin respuesta. \u201cNo cabe duda de que el r\u00e9gimen de Kiev est\u00e1 detr\u00e1s de esos &hellip;<\/p>\n","protected":false},"author":30,"featured_media":296265,"comment_status":"closed","ping_status":"closed","sticky":false,"template":"","format":"standard","meta":{"footnotes":""},"categories":[456,16687,20724],"tags":[],"class_list":["post-296264","post","type-post","status-publish","format-standard","has-post-thumbnail","","category-arabe-internacional-politica","category-internacionales","category-minuto-a-minuto"],"_links":{"self":[{"href":"https:\/\/archive.sana.sy\/es\/index.php?rest_route=\/wp\/v2\/posts\/296264"}],"collection":[{"href":"https:\/\/archive.sana.sy\/es\/index.php?rest_route=\/wp\/v2\/posts"}],"about":[{"href":"https:\/\/archive.sana.sy\/es\/index.php?rest_route=\/wp\/v2\/types\/post"}],"author":[{"embeddable":true,"href":"https:\/\/archive.sana.sy\/es\/index.php?rest_route=\/wp\/v2\/users\/30"}],"replies":[{"embeddable":true,"href":"https:\/\/archive.sana.sy\/es\/index.php?rest_route=%2Fwp%2Fv2%2Fcomments&post=296264"}],"version-history":[{"count":1,"href":"https:\/\/archive.sana.sy\/es\/index.php?rest_route=\/wp\/v2\/posts\/296264\/revisions"}],"predecessor-version":[{"id":296266,"href":"https:\/\/archive.sana.sy\/es\/index.php?rest_route=\/wp\/v2\/posts\/296264\/revisions\/296266"}],"wp:featuredmedia":[{"embeddable":true,"href":"https:\/\/archive.sana.sy\/es\/index.php?rest_route=\/wp\/v2\/media\/296265"}],"wp:attachment":[{"href":"https:\/\/archive.sana.sy\/es\/index.php?rest_route=%2Fwp%2Fv2%2Fmedia&parent=296264"}],"wp:term":[{"taxonomy":"category","embeddable":true,"href":"https:\/\/archive.sana.sy\/es\/index.php?rest_route=%2Fwp%2Fv2%2Fcategories&post=296264"},{"taxonomy":"post_tag","embeddable":true,"href":"https:\/\/archive.sana.sy\/es\/index.php?rest_route=%2Fwp%2Fv2%2Ftags&post=296264"}],"curies":[{"name":"wp","href":"https:\/\/api.w.org\/{rel}","templated":true}]}}