{"id":296267,"date":"2023-05-04T18:41:45","date_gmt":"2023-05-04T15:41:45","guid":{"rendered":"http:\/\/sana.sy\/es\/?p=296267"},"modified":"2023-05-04T18:55:06","modified_gmt":"2023-05-04T15:55:06","slug":"el-pueblo-y-los-funcionarios-iranies-siempre-apoyan-al-pueblo-sirio-afirma-raisi-a-empresarios-sirios","status":"publish","type":"post","link":"https:\/\/archive.sana.sy\/es\/?p=296267","title":{"rendered":"El pueblo y los funcionarios iran\u00edes siempre apoyan al pueblo sirio, afirma Raisi a empresarios sirios"},"content":{"rendered":"<p style=\"text-align: justify;\"><span style=\"color: #800000;\"><strong>Damasco, 04 may (SANA)<\/strong> <\/span>El presidente iran\u00ed, Ebrahim Raisi, afirm\u00f3 que el pueblo y los funcionarios iran\u00edes apoyan constantemente al pueblo sirio.<\/p>\n<p style=\"text-align: justify;\">\u201cDurante la \u00faltima reuni\u00f3n con el presidente Bashar al-Assad, se tomaron varias decisiones, ya que se firmaron 15 documentos entre Teher\u00e1n y Damasco, y las conversaciones conjuntas entre Siria e Ir\u00e1n son \u00fatiles para implementar acuerdos entre ambos pa\u00edses, as\u00ed como es apropiado formar una c\u00e1mara conjunta entre ambas naciones\u201d, dijo Raisi hoy durante el Foro de Empresarios en Damasco.<\/p>\n<p style=\"text-align: justify;\">Asimismo, el mandatario iran\u00ed a\u00f1adi\u00f3 que su pa\u00eds ha convertido las sanciones que se le impusieron en oportunidades, y ve que la posibilidad de hacer lo mismo en Siria est\u00e1 disponible tambi\u00e9n.<\/p>\n<p style=\"text-align: justify;\">\u201cEsta visita formar\u00e1 un giro positivo y bueno para el desarrollo de las relaciones entre los dos pa\u00edses, y ver\u00e1n el impacto de la misma en los lazos econ\u00f3micos entre ambos pa\u00edses y la regi\u00f3n en general\u201d, concluy\u00f3.<\/p>\n<p style=\"text-align: justify;\"><em><strong>ah\/sm<\/strong><\/em><\/p>\n","protected":false},"excerpt":{"rendered":"<p>Damasco, 04 may (SANA) El presidente iran\u00ed, Ebrahim Raisi, afirm\u00f3 que el pueblo y los funcionarios iran\u00edes apoyan constantemente al pueblo sirio. \u201cDurante la \u00faltima reuni\u00f3n con el presidente Bashar al-Assad, se tomaron varias decisiones, ya que se firmaron 15 documentos entre Teher\u00e1n y Damasco, y las conversaciones conjuntas entre Siria e Ir\u00e1n son \u00fatiles &hellip;<\/p>\n","protected":false},"author":30,"featured_media":296271,"comment_status":"closed","ping_status":"closed","sticky":false,"template":"","format":"standard","meta":{"footnotes":""},"categories":[597,20724,467,7541],"tags":[],"class_list":["post-296267","post","type-post","status-publish","format-standard","has-post-thumbnail","","category-cinta-de-noticias","category-minuto-a-minuto","category-siria-y-el-mundo","category-ultimas-noticias"],"_links":{"self":[{"href":"https:\/\/archive.sana.sy\/es\/index.php?rest_route=\/wp\/v2\/posts\/296267"}],"collection":[{"href":"https:\/\/archive.sana.sy\/es\/index.php?rest_route=\/wp\/v2\/posts"}],"about":[{"href":"https:\/\/archive.sana.sy\/es\/index.php?rest_route=\/wp\/v2\/types\/post"}],"author":[{"embeddable":true,"href":"https:\/\/archive.sana.sy\/es\/index.php?rest_route=\/wp\/v2\/users\/30"}],"replies":[{"embeddable":true,"href":"https:\/\/archive.sana.sy\/es\/index.php?rest_route=%2Fwp%2Fv2%2Fcomments&post=296267"}],"version-history":[{"count":1,"href":"https:\/\/archive.sana.sy\/es\/index.php?rest_route=\/wp\/v2\/posts\/296267\/revisions"}],"predecessor-version":[{"id":296268,"href":"https:\/\/archive.sana.sy\/es\/index.php?rest_route=\/wp\/v2\/posts\/296267\/revisions\/296268"}],"wp:featuredmedia":[{"embeddable":true,"href":"https:\/\/archive.sana.sy\/es\/index.php?rest_route=\/wp\/v2\/media\/296271"}],"wp:attachment":[{"href":"https:\/\/archive.sana.sy\/es\/index.php?rest_route=%2Fwp%2Fv2%2Fmedia&parent=296267"}],"wp:term":[{"taxonomy":"category","embeddable":true,"href":"https:\/\/archive.sana.sy\/es\/index.php?rest_route=%2Fwp%2Fv2%2Fcategories&post=296267"},{"taxonomy":"post_tag","embeddable":true,"href":"https:\/\/archive.sana.sy\/es\/index.php?rest_route=%2Fwp%2Fv2%2Ftags&post=296267"}],"curies":[{"name":"wp","href":"https:\/\/api.w.org\/{rel}","templated":true}]}}