{"id":296269,"date":"2023-05-04T16:45:35","date_gmt":"2023-05-04T13:45:35","guid":{"rendered":"http:\/\/sana.sy\/es\/?p=296269"},"modified":"2023-05-04T18:56:53","modified_gmt":"2023-05-04T15:56:53","slug":"presidente-del-parlamento-recibe-a-una-delegacion-de-la-comision-de-defensa-de-siria-en-suecia","status":"publish","type":"post","link":"https:\/\/archive.sana.sy\/es\/?p=296269","title":{"rendered":"Presidente del Parlamento recibe a una delegaci\u00f3n de la Comisi\u00f3n de Defensa de Siria en Suecia"},"content":{"rendered":"<p style=\"text-align: justify;\"><span style=\"color: #800000;\"><strong>Damasco, 04 may (SANA)<\/strong><\/span> El presidente de la Asamblea del Pueblo (Parlamento), Hammoudah Sabbagh, se reuni\u00f3 hoy con una delegaci\u00f3n de la &#8220;Comisi\u00f3n de Defensa de Siria en Suecia&#8221;, en la sede del Parlamento en Damasco.<\/p>\n<p style=\"text-align: justify;\">Sabbagh elogi\u00f3 los esfuerzos realizados por los sirios en la di\u00e1spora para apoyar a sus compatriotas y apoyarlos frente a las dificultades y desaf\u00edos que enfrentan, y se\u00f1al\u00f3 que estos esfuerzos indican un patriotismo aut\u00e9ntico y una afiliaci\u00f3n profundamente arraigada a la patria madre.<\/p>\n<p style=\"text-align: justify;\">A\u00f1adi\u00f3 que es necesario trabajar e intensificar los esfuerzos para alentar a los expatriados sirios a aumentar sus actividades que contribuyen al inter\u00e9s de Siria y su pueblo, cada uno desde su posici\u00f3n y de acuerdo con sus capacidades, especialmente las actividades que contribuyen a mitigar los efectos del bloqueo y las medidas econ\u00f3micas unilaterales impuestas al pueblo sirio.<\/p>\n<p style=\"text-align: justify;\">Asimismo, el Jefe del Parlamento inst\u00f3 a fomentar la inversi\u00f3n en Siria que trabaja en la creaci\u00f3n de un entorno de inversi\u00f3n adecuado para todos los sectores.<\/p>\n<p style=\"text-align: justify;\">Por su parte, el jefe de la delegaci\u00f3n, George Makdissi, destac\u00f3 el apoyo de los expatriados sirios a sus hermanos y familias en Siria para enfrentar las crisis que han sufrido, lo que se reflej\u00f3 en su r\u00e1pida respuesta despu\u00e9s del terremoto del 6 de febrero pasado, donde proporcionaron ayuda humanitaria para superar las consecuencias de la cat\u00e1strofe.<\/p>\n<p style=\"text-align: justify;\"><em><strong>ah\/sm<\/strong><\/em><\/p>\n","protected":false},"excerpt":{"rendered":"<p>Damasco, 04 may (SANA) El presidente de la Asamblea del Pueblo (Parlamento), Hammoudah Sabbagh, se reuni\u00f3 hoy con una delegaci\u00f3n de la &#8220;Comisi\u00f3n de Defensa de Siria en Suecia&#8221;, en la sede del Parlamento en Damasco. Sabbagh elogi\u00f3 los esfuerzos realizados por los sirios en la di\u00e1spora para apoyar a sus compatriotas y apoyarlos frente &hellip;<\/p>\n","protected":false},"author":30,"featured_media":296270,"comment_status":"closed","ping_status":"closed","sticky":false,"template":"","format":"standard","meta":{"footnotes":""},"categories":[597,20724,476,7541],"tags":[],"class_list":["post-296269","post","type-post","status-publish","format-standard","has-post-thumbnail","","category-cinta-de-noticias","category-minuto-a-minuto","category-locales","category-ultimas-noticias"],"_links":{"self":[{"href":"https:\/\/archive.sana.sy\/es\/index.php?rest_route=\/wp\/v2\/posts\/296269"}],"collection":[{"href":"https:\/\/archive.sana.sy\/es\/index.php?rest_route=\/wp\/v2\/posts"}],"about":[{"href":"https:\/\/archive.sana.sy\/es\/index.php?rest_route=\/wp\/v2\/types\/post"}],"author":[{"embeddable":true,"href":"https:\/\/archive.sana.sy\/es\/index.php?rest_route=\/wp\/v2\/users\/30"}],"replies":[{"embeddable":true,"href":"https:\/\/archive.sana.sy\/es\/index.php?rest_route=%2Fwp%2Fv2%2Fcomments&post=296269"}],"version-history":[{"count":1,"href":"https:\/\/archive.sana.sy\/es\/index.php?rest_route=\/wp\/v2\/posts\/296269\/revisions"}],"predecessor-version":[{"id":296273,"href":"https:\/\/archive.sana.sy\/es\/index.php?rest_route=\/wp\/v2\/posts\/296269\/revisions\/296273"}],"wp:featuredmedia":[{"embeddable":true,"href":"https:\/\/archive.sana.sy\/es\/index.php?rest_route=\/wp\/v2\/media\/296270"}],"wp:attachment":[{"href":"https:\/\/archive.sana.sy\/es\/index.php?rest_route=%2Fwp%2Fv2%2Fmedia&parent=296269"}],"wp:term":[{"taxonomy":"category","embeddable":true,"href":"https:\/\/archive.sana.sy\/es\/index.php?rest_route=%2Fwp%2Fv2%2Fcategories&post=296269"},{"taxonomy":"post_tag","embeddable":true,"href":"https:\/\/archive.sana.sy\/es\/index.php?rest_route=%2Fwp%2Fv2%2Ftags&post=296269"}],"curies":[{"name":"wp","href":"https:\/\/api.w.org\/{rel}","templated":true}]}}