{"id":296386,"date":"2023-05-06T09:45:18","date_gmt":"2023-05-06T06:45:18","guid":{"rendered":"http:\/\/sana.sy\/es\/?p=296386"},"modified":"2023-05-06T09:47:48","modified_gmt":"2023-05-06T06:47:48","slug":"historia-de-la-efemeride-del-6-de-mayo-dia-de-los-martires-en-siria-2","status":"publish","type":"post","link":"https:\/\/archive.sana.sy\/es\/?p=296386","title":{"rendered":"Historia de la efem\u00e9ride del 6 de mayo, D\u00eda de los M\u00e1rtires en Siria"},"content":{"rendered":"<blockquote>\n<p style=\"text-align: justify;\"><span style=\"color: #993300;\">La raz\u00f3n de elegir esta fecha como D\u00eda de M\u00e1rtires es la condena a muerte por parte de las autoridades del Imperio Otomano contra varios patriotas sirios, tanto en Beirut como en Damasco, el 6 de mayo de 1916.<\/span><\/p>\n<\/blockquote>\n<p style=\"text-align: justify;\"><span style=\"color: #800000;\"><strong>Damasco, 05 may (SANA)<\/strong><\/span><\/p>\n<p style=\"text-align: justify;\">Con motivo del D\u00eda de los M\u00e1rtires que coincide el seis de mayo de cada a\u00f1o, las masas del pueblo sirio rinden tributo a sus m\u00e1rtires ca\u00eddos en la lucha contra el terrorismo.<\/p>\n<p style=\"text-align: justify;\">La raz\u00f3n de elegir esta fecha como D\u00eda de M\u00e1rtires es la condena a muerte por parte de las autoridades del Imperio Otomano contra varios patriotas sirios, tanto en Beirut como en Damasco, el 6 de mayo de 1916.<\/p>\n<p style=\"text-align: justify;\">La ocupaci\u00f3n otomana al mundo \u00e1rabe dur\u00f3 cuatro siglos, y los \u00faltimos a\u00f1os de esta ocupaci\u00f3n fueron testigos de grandes injusticias, lo cual llev\u00f3 a la creaci\u00f3n de muchas Organizaciones \u00c1rabes Secretas contra la ocupaci\u00f3n; la mayor\u00eda de esas organizaciones fueron fundadas en las ciudades de Damasco y Beirut y luchaban por la libertad, la justicia y la igualdad.<\/p>\n<p style=\"text-align: justify;\">Jamal Basha, conocido como el carnicero, fue nombrado como Comandante del Ej\u00e9rcito otomano en Siria el a\u00f1o 1915, y se impuso como gobernante totalitario y tirano.<\/p>\n<p style=\"text-align: justify;\">Basha orden\u00f3 la detenci\u00f3n de los dirigentes del movimiento intelectual y patri\u00f3tico sirio; y el 21 de agosto de 1915, ejecut\u00f3 a 11 activistas de diferentes partes del pa\u00eds como Damasco, Balbek, Beirut, Hama y Jenin\u2026<\/p>\n<p style=\"text-align: justify;\">Asimismo, continu\u00f3 su pol\u00edtica de opresi\u00f3n y terrorismo, y emiti\u00f3 una condena a muerte contra 21 l\u00edderes patri\u00f3ticos nacionales, acus\u00e1ndoles de traici\u00f3n y de trabajar por separar a los pa\u00edses \u00e1rabes del Imperio Otomano. 11 de esos patriotas fueron ahorcados en Beirut el 21 de agosto de 1915.<\/p>\n<p style=\"text-align: justify;\">Luego, se aplic\u00f3 la pena de muerte contra otro grupo de patriotas el 6 de mayo de 1916, donde fueron ahorcados 14 patriotas en la plaza Burej en Beirut y siete patriotas en la plaza Marjeh en Damasco, y desde aquel entonces se dio a esta plaza el nombre de la Plaza de M\u00e1rtires.<\/p>\n<p style=\"text-align: justify;\">La ejecuci\u00f3n de estos l\u00edderes nacionales se ha convertido en faro que ilumin\u00f3 la ruta de lucha del pueblo sirio que logr\u00f3 luego, liberarse de la ocupaci\u00f3n Otomano y del Colonialismo franc\u00e9s.<\/p>\n<p style=\"text-align: justify;\">Este a\u00f1o, el D\u00eda del M\u00e1rtir es completamente diferente por los miles de soldados del ej\u00e9rcito que cayeron dando sus vidas para derrotar a los grupos terroristas armados y defender la soberan\u00eda y el futuro de Siria.<\/p>\n<p style=\"text-align: justify;\">En esta fecha, todos los sirios se dirigen a los cementerios a rendir tributo a los ca\u00eddos en la lucha antiterrorista y colocar ramos de flores sobre sus tumbas.<\/p>\n<p>fm\/rr<\/p>\n","protected":false},"excerpt":{"rendered":"<p>La raz\u00f3n de elegir esta fecha como D\u00eda de M\u00e1rtires es la condena a muerte por parte de las autoridades del Imperio Otomano contra varios patriotas sirios, tanto en Beirut como en Damasco, el 6 de mayo de 1916. Damasco, 05 may (SANA) Con motivo del D\u00eda de los M\u00e1rtires que coincide el seis de &hellip;<\/p>\n","protected":false},"author":31,"featured_media":296387,"comment_status":"closed","ping_status":"closed","sticky":false,"template":"","format":"standard","meta":{"footnotes":""},"categories":[597,476,583],"tags":[],"class_list":["post-296386","post","type-post","status-publish","format-standard","has-post-thumbnail","","category-cinta-de-noticias","category-locales","category-slide"],"_links":{"self":[{"href":"https:\/\/archive.sana.sy\/es\/index.php?rest_route=\/wp\/v2\/posts\/296386"}],"collection":[{"href":"https:\/\/archive.sana.sy\/es\/index.php?rest_route=\/wp\/v2\/posts"}],"about":[{"href":"https:\/\/archive.sana.sy\/es\/index.php?rest_route=\/wp\/v2\/types\/post"}],"author":[{"embeddable":true,"href":"https:\/\/archive.sana.sy\/es\/index.php?rest_route=\/wp\/v2\/users\/31"}],"replies":[{"embeddable":true,"href":"https:\/\/archive.sana.sy\/es\/index.php?rest_route=%2Fwp%2Fv2%2Fcomments&post=296386"}],"version-history":[{"count":2,"href":"https:\/\/archive.sana.sy\/es\/index.php?rest_route=\/wp\/v2\/posts\/296386\/revisions"}],"predecessor-version":[{"id":296390,"href":"https:\/\/archive.sana.sy\/es\/index.php?rest_route=\/wp\/v2\/posts\/296386\/revisions\/296390"}],"wp:featuredmedia":[{"embeddable":true,"href":"https:\/\/archive.sana.sy\/es\/index.php?rest_route=\/wp\/v2\/media\/296387"}],"wp:attachment":[{"href":"https:\/\/archive.sana.sy\/es\/index.php?rest_route=%2Fwp%2Fv2%2Fmedia&parent=296386"}],"wp:term":[{"taxonomy":"category","embeddable":true,"href":"https:\/\/archive.sana.sy\/es\/index.php?rest_route=%2Fwp%2Fv2%2Fcategories&post=296386"},{"taxonomy":"post_tag","embeddable":true,"href":"https:\/\/archive.sana.sy\/es\/index.php?rest_route=%2Fwp%2Fv2%2Ftags&post=296386"}],"curies":[{"name":"wp","href":"https:\/\/api.w.org\/{rel}","templated":true}]}}