{"id":296391,"date":"2023-05-06T09:46:38","date_gmt":"2023-05-06T06:46:38","guid":{"rendered":"http:\/\/sana.sy\/es\/?p=296391"},"modified":"2023-05-06T09:48:10","modified_gmt":"2023-05-06T06:48:10","slug":"presidente-irani-iran-estara-del-lado-de-siria-y-confia-en-que-el-pueblo-sirio-saldra-victorioso","status":"publish","type":"post","link":"https:\/\/archive.sana.sy\/es\/?p=296391","title":{"rendered":"Presidente iran\u00ed: Ir\u00e1n estar\u00e1 del lado de Siria y conf\u00eda en que el pueblo sirio saldr\u00e1 victorioso"},"content":{"rendered":"<blockquote>\n<p style=\"text-align: justify;\"><em><span style=\"color: #993300;\">&#8220;La posici\u00f3n siria es correcta, ya que Siria, a pesar de las amenazas y sanciones en su contra, se opone a las potencias del mal universal para alcanzar la justicia y la paz.&#8221;<\/span><\/em><\/p>\n<\/blockquote>\n<p style=\"text-align: justify;\"><span style=\"color: #800000;\"><strong>Damasco, 05 may (SANA)\u00a0 \u00a0<\/strong><\/span>El presidente iran\u00ed, Ebrahim Raisi, concedi\u00f3 una entrevista a la Agencia de Noticias \u00c1rabe Siria &#8220;SANA&#8221; y al canal sirio de televisi\u00f3n Al-Suriya, en la cual indic\u00f3 que la posici\u00f3n siria es correcta, ya que Siria, a pesar de las amenazas y sanciones en su contra, se opone a las potencias del mal universal para alcanzar la justicia y la paz.<\/p>\n<p style=\"text-align: justify;\">El mandatario se\u00f1al\u00f3 que los estadounidenses ocuparon algunas \u00e1reas en Siria para saquear su riqueza en un intento de lograr sus objetivos que no consiguieron a trav\u00e9s del terrorismo, pero la resistencia del pueblo sirio derrotar\u00e1 sus planes y la victoria ser\u00e1 el aliado de Siria en el fin.<\/p>\n<p style=\"text-align: justify;\"><strong><span style=\"color: #0000ff;\">Las relaciones sirios-iran\u00edes son distinguidas, arraigadas y se remontan\u00a0 a m\u00e1s de cuatro siglos<\/span><\/strong><\/p>\n<p style=\"text-align: justify;\">\u201cTras de la victoria de la revoluci\u00f3n isl\u00e1mica en Ir\u00e1n, las relaciones sirio-iran\u00edes fueron testigos de una nueva forma. Las posturas del l\u00edder fundador Hafez al-Assad fueron distinguidas hacia la causa palestina y el frente de resistencia, ya que a menudo ha declarado su apoyo al mismo, y sus posiciones son justas y fuertes contra la entidad sionista. Estas posturas contin\u00faan durante la era del presidente Bashar al-Assad\u201d, indic\u00f3.<\/p>\n<p style=\"text-align: justify;\"><strong><span style=\"color: #0000ff;\">Nuevo orden mundial se est\u00e1 surgiendo<\/span><\/strong><\/p>\n<p style=\"text-align: justify;\">Raisi detall\u00f3 que las indicaciones del triunfo de la resistencia son evidencias en el orden mundial a favor del eje de la resistencia, contrariamente a los objetivos de los sionistas y EEUU.<\/p>\n<p style=\"text-align: justify;\">Precis\u00f3 que lo que est\u00e1 sucediendo a nivel mundial actualmente es un cambio hacia un nuevo mundo y nuevas potencias que se est\u00e1n formando contra el unilateralismo estadounidense.<\/p>\n<p style=\"text-align: justify;\">\u201cLa actual situaci\u00f3n en la regi\u00f3n es completamente diferente. Se est\u00e1n produciendo nuevas relaciones en el mundo, por ejemplo, la Organizaciones de Cooperaci\u00f3n Shangh\u00e1i y la de BRICS. Todas estas son indicaciones de un nuevo y diferente orden mundial. El rol de Occidente y EEUU est\u00e1 disminuyendo constantemente. El equilibrio de poder no los favorece ni militar ni econ\u00f3micamente y otros pa\u00edses est\u00e1n tomando su papel&#8221;, agreg\u00f3.<\/p>\n<p style=\"text-align: justify;\"><span style=\"color: #0000ff;\"><strong>El impacto de los repetidos ataques israel\u00edes contra Siria en los esfuerzos para combatir el terrorismo y en la determinaci\u00f3n de Siria e Ir\u00e1n de acabar con la presencia terrorista en suelo sirio<\/strong><\/span><\/p>\n<p style=\"text-align: justify;\">El presidente iran\u00ed explic\u00f3 que durante 12 a\u00f1os, Siria resisti\u00f3 la guerra que le libraron los Estados Unidos e \u201cIsrael\u201d.<\/p>\n<p style=\"text-align: justify;\">&#8220;Hoy, las circunstancias son completamente distintas, y muchos pa\u00edses han cambiado sus posiciones, \u00bfque pas\u00f3? Gan\u00f3 la resistencia&#8221;, detall\u00f3.<\/p>\n<p style=\"text-align: justify;\">Asegur\u00f3 que la entidad sionista vive hoy en una situaci\u00f3n diferente a la del pasado, ya que no pudo enfrentar a los grupos de resistencia en Palestina, la tierra no es suya, est\u00e1 ocup\u00e1ndola, y no pudo enfrentar a la resistencia en Gaza, ni siquiera en Cisjordania, donde los palestinos demostraron que la iniciativa est\u00e1 en sus manos y no en las de los sionistas.<\/p>\n<p style=\"text-align: justify;\">\u201cLo que est\u00e1 pasando dentro de \u201cIsrael\u201d indica, y seg\u00fan los testimonios de sus l\u00edderes, su ca\u00edda y su fin inminente, incluso menos del tiempo fijado por el L\u00edder de la Revoluci\u00f3n Isl\u00e1mica. No pueden hacer nada, y nadie puede hacer nada por ellos. \u00bfEntonces, c\u00f3mo podr\u00eda esta entidad tan d\u00e9bil hacer frente a Siria e Ir\u00e1n?&#8221; afirm\u00f3.<\/p>\n<p style=\"text-align: justify;\"><strong><span style=\"color: #0000ff;\">Rechazamos plenamente que Arabia Saudita sea nuestro enemigo y viceversa<\/span><\/strong><\/p>\n<p style=\"text-align: justify;\">Con respecto al restablecimiento de las relaciones iran\u00ed-sauditas, Raisi dijo: \u201cAmbos pa\u00edses son grandes, y la reanudaci\u00f3n de las relaciones entre ellos cambiar\u00e1 la ecuaci\u00f3n en la regi\u00f3n, ya que los pueblos de la regi\u00f3n se inclinan hacia apoyar la resistencia y la justicia.\u201d<\/p>\n<p style=\"text-align: justify;\">\u201cEn los momentos m\u00e1s cr\u00edticos entre Ir\u00e1n y Arabia Saudita, siempre anunciamos que los enemigos principales de Ir\u00e1n son s\u00f3lo los Estados Unidos e \u00a8Israel\u00a8. Rechazamos plenamente que Arabia Saudita sea nuestro enemigo o seremos un enemigo para \u00e9l\u201d, enfatiz\u00f3.<\/p>\n<p style=\"text-align: justify;\">Agreg\u00f3 que la verdad se ha aclarado para muchos pa\u00edses de la regi\u00f3n, y logramos combatir la iranofobia que difundi\u00f3 los estadounidenses e israel\u00edes que solo sirvi\u00f3 para sembrar el terror en la regi\u00f3n.<\/p>\n<p style=\"text-align: justify;\">\u201cAlgunos pa\u00edses estaban cooperando con las organizaciones extremistas, y suministr\u00e1ndoles con armas, pero ahora se dan cuenta de que cometieron un completo error. Nuestra posici\u00f3n es justa, y todo el mundo sabr\u00e1, tarde o temprano, que las posturas de Siria e Ir\u00e1n se basan en la verdad, la justicia y la resistencia&#8221;, indic\u00f3.<\/p>\n<p style=\"text-align: justify;\"><span style=\"color: #0000ff;\"><strong>Punto de vista de Ir\u00e1n con respecto al restablecimiento de las relaciones sirio-turcas y el rol de Teher\u00e1n en el mismo<\/strong><\/span><\/p>\n<p style=\"text-align: justify;\">\u201cEn la reuni\u00f3n de Astana celebrada en Teher\u00e1n con la participaci\u00f3n de los presidentes ruso y turco, enfatizamos que todas las tierras sirias deben regresar al Estado sirio y que la integridad territorial de Siria debe ser preservada. Nuestros amigos en Turqu\u00eda dijeron que sintieron inseguridad en algunos puntos de la frontera turco-siria, por lo que les propusimos que la soluci\u00f3n es que el gobierno sirio imponga su soberan\u00eda sobre todas sus territorios\u201d, dijo el mandatario.<\/p>\n<p style=\"text-align: justify;\">Adem\u00e1s, afirm\u00f3 que la soluci\u00f3n a las preocupaciones de los pa\u00edses vecinos de Siria es la devoluci\u00f3n de todas las tierras sirias a la soberan\u00eda del Estado, y subray\u00f3 que no debe haber fuerzas turcas en ninguna parte de Siria y todas las fuerzas estadounidenses deben abandonar el territorio sirio.<\/p>\n<p style=\"text-align: justify;\">&#8220;Ir\u00e1n desempe\u00f1a el papel de mediaci\u00f3n entre Siria y Turqu\u00eda, que es un papel importante, y Teher\u00e1n es un actor importante en la regi\u00f3n y el mundo, y estamos listos para este papel para acercar los puntos de vista entre estos ambos pa\u00edses, y para resolver sus problemas internos a trav\u00e9s del di\u00e1logo y la negociaci\u00f3n entre ellos&#8221;, declar\u00f3 el gobernante.<\/p>\n<p style=\"text-align: justify;\"><span style=\"color: #0000ff;\"><strong>Anteriormente, estuvimos del lado de Siria y, sin duda, estaremos en el futuro<\/strong><\/span><\/p>\n<p style=\"text-align: justify;\">Al final de la entrevista, el mandatario iran\u00ed expres\u00f3 su placer de haber visitado Siria, el pa\u00eds que \u201cha enfrentado grandes dificultades y sanciones durante 12 a\u00f1os de guerra, pero todav\u00eda tiene una fuerte voluntad contra el enemigo.\u201d<\/p>\n<p style=\"text-align: justify;\">Opin\u00f3 que el futuro de Siria ser\u00e1 diferente, ya que el pueblo sirio y su gobierno est\u00e1n determinados a cambiar esta situaci\u00f3n para mejor.<\/p>\n<p style=\"text-align: justify;\">\u201cComo estuvimos del lado de Siria anteriormente, estaremos definitivamente de su lado en el futuro tambi\u00e9n\u201d, concluy\u00f3.<\/p>\n<p style=\"text-align: justify;\">sm\/rr<\/p>\n","protected":false},"excerpt":{"rendered":"<p>&#8220;La posici\u00f3n siria es correcta, ya que Siria, a pesar de las amenazas y sanciones en su contra, se opone a las potencias del mal universal para alcanzar la justicia y la paz.&#8221; Damasco, 05 may (SANA)\u00a0 \u00a0El presidente iran\u00ed, Ebrahim Raisi, concedi\u00f3 una entrevista a la Agencia de Noticias \u00c1rabe Siria &#8220;SANA&#8221; y al &hellip;<\/p>\n","protected":false},"author":39,"featured_media":296392,"comment_status":"closed","ping_status":"closed","sticky":false,"template":"","format":"standard","meta":{"footnotes":""},"categories":[597,467,583],"tags":[2866,6553],"class_list":["post-296391","post","type-post","status-publish","format-standard","has-post-thumbnail","","category-cinta-de-noticias","category-siria-y-el-mundo","category-slide","tag-iran","tag-siria"],"_links":{"self":[{"href":"https:\/\/archive.sana.sy\/es\/index.php?rest_route=\/wp\/v2\/posts\/296391"}],"collection":[{"href":"https:\/\/archive.sana.sy\/es\/index.php?rest_route=\/wp\/v2\/posts"}],"about":[{"href":"https:\/\/archive.sana.sy\/es\/index.php?rest_route=\/wp\/v2\/types\/post"}],"author":[{"embeddable":true,"href":"https:\/\/archive.sana.sy\/es\/index.php?rest_route=\/wp\/v2\/users\/39"}],"replies":[{"embeddable":true,"href":"https:\/\/archive.sana.sy\/es\/index.php?rest_route=%2Fwp%2Fv2%2Fcomments&post=296391"}],"version-history":[{"count":16,"href":"https:\/\/archive.sana.sy\/es\/index.php?rest_route=\/wp\/v2\/posts\/296391\/revisions"}],"predecessor-version":[{"id":296409,"href":"https:\/\/archive.sana.sy\/es\/index.php?rest_route=\/wp\/v2\/posts\/296391\/revisions\/296409"}],"wp:featuredmedia":[{"embeddable":true,"href":"https:\/\/archive.sana.sy\/es\/index.php?rest_route=\/wp\/v2\/media\/296392"}],"wp:attachment":[{"href":"https:\/\/archive.sana.sy\/es\/index.php?rest_route=%2Fwp%2Fv2%2Fmedia&parent=296391"}],"wp:term":[{"taxonomy":"category","embeddable":true,"href":"https:\/\/archive.sana.sy\/es\/index.php?rest_route=%2Fwp%2Fv2%2Fcategories&post=296391"},{"taxonomy":"post_tag","embeddable":true,"href":"https:\/\/archive.sana.sy\/es\/index.php?rest_route=%2Fwp%2Fv2%2Ftags&post=296391"}],"curies":[{"name":"wp","href":"https:\/\/api.w.org\/{rel}","templated":true}]}}