{"id":296427,"date":"2023-05-06T10:12:43","date_gmt":"2023-05-06T07:12:43","guid":{"rendered":"http:\/\/sana.sy\/es\/?p=296427"},"modified":"2023-05-06T10:13:13","modified_gmt":"2023-05-06T07:13:13","slug":"siria-participa-en-reunion-de-ministros-de-cultura-del-grupo-de-los-77-china-en-cuba","status":"publish","type":"post","link":"https:\/\/archive.sana.sy\/es\/?p=296427","title":{"rendered":"Siria participa en reuni\u00f3n de ministros de Cultura del Grupo de los 77 + China en Cuba"},"content":{"rendered":"<blockquote><p><span style=\"color: #993300;\">El representante de Siria enfatiz\u00f3 la necesidad de fortalecer la cooperaci\u00f3n entre los pa\u00edses del Sur para hacer frente a los grandes y dif\u00edciles desaf\u00edos, as\u00ed como preservar la cultura de cada naci\u00f3n y transmitirla a las generaciones futuras.<\/span><\/p><\/blockquote>\n<p style=\"text-align: justify;\"><span style=\"color: #800000;\"><strong>La Habana, 06 may (SANA)<\/strong><\/span> La Rep\u00fablica \u00c1rabe Siria, representada por su embajador en Cuba, Ghassan Obeid, particip\u00f3 en la reuni\u00f3n de ministros de Cultura del Grupo de los 77 + China, que se celebr\u00f3 en la capital cubana de La Habana bajo el lema \u201cPatrimonio Cultural y Desarrollo Sostenible\u201d.<\/p>\n<p style=\"text-align: justify;\">El encuentro cont\u00f3 con una amplia participaci\u00f3n de ministros de Cultura de los pa\u00edses miembros, as\u00ed como la presencia del presidente cubano, Miguel D\u00edaz-Canel Berm\u00fadez, y la vicepresidenta In\u00e9s Mar\u00eda Chapman.<\/p>\n<p style=\"text-align: justify;\">Durante su discurso en la reuni\u00f3n, el embajador Obeid enfatiz\u00f3 la necesidad de fortalecer la cooperaci\u00f3n entre los pa\u00edses del Sur para hacer frente a los grandes y dif\u00edciles desaf\u00edos, as\u00ed como preservar la cultura de cada naci\u00f3n y transmitirla a las generaciones futuras.<\/p>\n<p style=\"text-align: justify;\">El jefe de la misi\u00f3n diplom\u00e1tica habl\u00f3 tambi\u00e9n sobre los peligros que apuntaron contra el patrimonio cultural sirio durante los a\u00f1os de la cruel guerra terrorista que ha azotado al pa\u00eds, y las acciones destructivas de las organizaciones terroristas, incluido el sabotaje deliberado, el saqueo y el expolio, as\u00ed como el injusto bloqueo unilateral destinado a socavar la determinaci\u00f3n de Siria.<\/p>\n<p style=\"text-align: justify;\">\u201cSiria no se romper\u00e1 ni ser\u00e1 derrotada, ya que es la cuna de las civilizaciones m\u00e1s antiguas del mundo\u201d, resalt\u00f3 Obeid.<\/p>\n<p style=\"text-align: justify;\">El representante de Siria se reuni\u00f3 al margen de la reuni\u00f3n con varios ministros de cultura de los pa\u00edses del grupo.<\/p>\n<p style=\"text-align: justify;\">Durante estas reuniones se enfatiz\u00f3 la necesidad de apoyar la cultura de diversas formas y medios, as\u00ed como fortalecer su papel activo e importante en el proceso de desarrollo sostenible de los Estados miembros.<\/p>\n<p style=\"text-align: justify;\"><em><strong>ah\/fm<\/strong><\/em><\/p>\n","protected":false},"excerpt":{"rendered":"<p>El representante de Siria enfatiz\u00f3 la necesidad de fortalecer la cooperaci\u00f3n entre los pa\u00edses del Sur para hacer frente a los grandes y dif\u00edciles desaf\u00edos, as\u00ed como preservar la cultura de cada naci\u00f3n y transmitirla a las generaciones futuras. La Habana, 06 may (SANA) La Rep\u00fablica \u00c1rabe Siria, representada por su embajador en Cuba, Ghassan &hellip;<\/p>\n","protected":false},"author":30,"featured_media":296428,"comment_status":"closed","ping_status":"closed","sticky":false,"template":"","format":"standard","meta":{"footnotes":""},"categories":[597,20724,467,7541],"tags":[],"class_list":["post-296427","post","type-post","status-publish","format-standard","has-post-thumbnail","","category-cinta-de-noticias","category-minuto-a-minuto","category-siria-y-el-mundo","category-ultimas-noticias"],"_links":{"self":[{"href":"https:\/\/archive.sana.sy\/es\/index.php?rest_route=\/wp\/v2\/posts\/296427"}],"collection":[{"href":"https:\/\/archive.sana.sy\/es\/index.php?rest_route=\/wp\/v2\/posts"}],"about":[{"href":"https:\/\/archive.sana.sy\/es\/index.php?rest_route=\/wp\/v2\/types\/post"}],"author":[{"embeddable":true,"href":"https:\/\/archive.sana.sy\/es\/index.php?rest_route=\/wp\/v2\/users\/30"}],"replies":[{"embeddable":true,"href":"https:\/\/archive.sana.sy\/es\/index.php?rest_route=%2Fwp%2Fv2%2Fcomments&post=296427"}],"version-history":[{"count":1,"href":"https:\/\/archive.sana.sy\/es\/index.php?rest_route=\/wp\/v2\/posts\/296427\/revisions"}],"predecessor-version":[{"id":296429,"href":"https:\/\/archive.sana.sy\/es\/index.php?rest_route=\/wp\/v2\/posts\/296427\/revisions\/296429"}],"wp:featuredmedia":[{"embeddable":true,"href":"https:\/\/archive.sana.sy\/es\/index.php?rest_route=\/wp\/v2\/media\/296428"}],"wp:attachment":[{"href":"https:\/\/archive.sana.sy\/es\/index.php?rest_route=%2Fwp%2Fv2%2Fmedia&parent=296427"}],"wp:term":[{"taxonomy":"category","embeddable":true,"href":"https:\/\/archive.sana.sy\/es\/index.php?rest_route=%2Fwp%2Fv2%2Fcategories&post=296427"},{"taxonomy":"post_tag","embeddable":true,"href":"https:\/\/archive.sana.sy\/es\/index.php?rest_route=%2Fwp%2Fv2%2Ftags&post=296427"}],"curies":[{"name":"wp","href":"https:\/\/api.w.org\/{rel}","templated":true}]}}