{"id":296431,"date":"2023-05-06T10:35:35","date_gmt":"2023-05-06T07:35:35","guid":{"rendered":"http:\/\/sana.sy\/es\/?p=296431"},"modified":"2023-05-06T10:39:30","modified_gmt":"2023-05-06T07:39:30","slug":"ejercito-israeli-asesina-a-dos-palestinos-en-cisjordania","status":"publish","type":"post","link":"https:\/\/archive.sana.sy\/es\/?p=296431","title":{"rendered":"Ej\u00e9rcito israel\u00ed asesina a dos palestinos en Cisjordania"},"content":{"rendered":"<p style=\"text-align: justify;\"><span style=\"color: #800000;\"><strong>Jerusal\u00e9n ocupada, 06 may (SANA)<\/strong><\/span> Dos palestinos murieron y otro result\u00f3 herido esta ma\u00f1ana del s\u00e1bado por disparos de las fuerzas del ocupante israel\u00ed en la ciudad cisjordana de Tulkarem.<\/p>\n<p style=\"text-align: justify;\">\u201cLos j\u00f3venes Sameer Al-Shafi y Hamza Kharyoush, ambos de 22 a\u00f1os, murieron a tiros de las fuerzas israel\u00edes durante su incursi\u00f3n en el campamento de refugiados de Noor Shams en Tulkarem, mientras otro joven result\u00f3 herido\u201d, declar\u00f3 el Ministerio de Salud palestino citada por la agencia palestina de noticias WAFA.<\/p>\n<p style=\"text-align: justify;\">El medio agreg\u00f3 que las tropas sionistas arrestaron a otro palestino antes de su retirada del campamento.<\/p>\n<p style=\"text-align: justify;\">El martes pasado, la palestina Iman Odeh, de 26 a\u00f1os, fue asesinada en la ciudad de Hawara, al sur de la ciudad cisjordana de Naplusa, despu\u00e9s de llevar a cabo una heroica operaci\u00f3n de resistencia que hiri\u00f3 a un soldado israel\u00ed en respuesta a los continuos cr\u00edmenes contra el pueblo palestino.<\/p>\n<p style=\"text-align: justify;\"><em><strong>ah\/fm<\/strong><\/em><\/p>\n","protected":false},"excerpt":{"rendered":"<p>Jerusal\u00e9n ocupada, 06 may (SANA) Dos palestinos murieron y otro result\u00f3 herido esta ma\u00f1ana del s\u00e1bado por disparos de las fuerzas del ocupante israel\u00ed en la ciudad cisjordana de Tulkarem. \u201cLos j\u00f3venes Sameer Al-Shafi y Hamza Kharyoush, ambos de 22 a\u00f1os, murieron a tiros de las fuerzas israel\u00edes durante su incursi\u00f3n en el campamento de &hellip;<\/p>\n","protected":false},"author":30,"featured_media":296440,"comment_status":"closed","ping_status":"closed","sticky":false,"template":"","format":"standard","meta":{"footnotes":""},"categories":[456,16687,20724],"tags":[],"class_list":["post-296431","post","type-post","status-publish","format-standard","has-post-thumbnail","","category-arabe-internacional-politica","category-internacionales","category-minuto-a-minuto"],"_links":{"self":[{"href":"https:\/\/archive.sana.sy\/es\/index.php?rest_route=\/wp\/v2\/posts\/296431"}],"collection":[{"href":"https:\/\/archive.sana.sy\/es\/index.php?rest_route=\/wp\/v2\/posts"}],"about":[{"href":"https:\/\/archive.sana.sy\/es\/index.php?rest_route=\/wp\/v2\/types\/post"}],"author":[{"embeddable":true,"href":"https:\/\/archive.sana.sy\/es\/index.php?rest_route=\/wp\/v2\/users\/30"}],"replies":[{"embeddable":true,"href":"https:\/\/archive.sana.sy\/es\/index.php?rest_route=%2Fwp%2Fv2%2Fcomments&post=296431"}],"version-history":[{"count":1,"href":"https:\/\/archive.sana.sy\/es\/index.php?rest_route=\/wp\/v2\/posts\/296431\/revisions"}],"predecessor-version":[{"id":296438,"href":"https:\/\/archive.sana.sy\/es\/index.php?rest_route=\/wp\/v2\/posts\/296431\/revisions\/296438"}],"wp:featuredmedia":[{"embeddable":true,"href":"https:\/\/archive.sana.sy\/es\/index.php?rest_route=\/wp\/v2\/media\/296440"}],"wp:attachment":[{"href":"https:\/\/archive.sana.sy\/es\/index.php?rest_route=%2Fwp%2Fv2%2Fmedia&parent=296431"}],"wp:term":[{"taxonomy":"category","embeddable":true,"href":"https:\/\/archive.sana.sy\/es\/index.php?rest_route=%2Fwp%2Fv2%2Fcategories&post=296431"},{"taxonomy":"post_tag","embeddable":true,"href":"https:\/\/archive.sana.sy\/es\/index.php?rest_route=%2Fwp%2Fv2%2Ftags&post=296431"}],"curies":[{"name":"wp","href":"https:\/\/api.w.org\/{rel}","templated":true}]}}