{"id":296442,"date":"2023-05-06T12:06:11","date_gmt":"2023-05-06T09:06:11","guid":{"rendered":"http:\/\/sana.sy\/es\/?p=296442"},"modified":"2023-05-06T15:41:03","modified_gmt":"2023-05-06T12:41:03","slug":"la-historia-de-una-madre-siria-que-sus-cuatro-hijos-pasaron-a-la-eternidad-en-las-batallas-contra-el-terrorismo-y-el-agresor-israeli","status":"publish","type":"post","link":"https:\/\/archive.sana.sy\/es\/?p=296442","title":{"rendered":"La historia de una madre siria que sus cuatro hijos pasaron a la eternidad en las batallas contra el terrorismo y el agresor israel\u00ed"},"content":{"rendered":"<blockquote>\n<p style=\"text-align: justify;\"><span style=\"color: #993300;\">Seis a\u00f1os despu\u00e9s de haber perdido a sus hijos Hassan, Rami y Bassel, en julio de 2020, Um Rami recibi\u00f3 la noticia de la lesi\u00f3n de su cuarto hijo Ali, casado y padre de tres hijos, a consecuencia de la agresi\u00f3n israel\u00ed contra la sede de investigaci\u00f3n cient\u00edfica en Damasco, donde permaneci\u00f3 un mes en cuidados intensivos, luego perdi\u00f3 la vida.<\/span><\/p>\n<\/blockquote>\n<p style=\"text-align: justify;\"><span style=\"color: #800000;\"><strong>Tartous, 06 may (SANA)\u00a0<\/strong> <\/span>\u00a0Las madres sirias se han convertido en un icono de paciencia y dignidad por sus sacrificios sin l\u00edmites durante una d\u00e9cada de guerra terrorista impuesta en la que muchas perdieron a m\u00e1s que un hijo porque rechazaron que los agresores profanaran a Siria y menoscabaran a su pueblo.<\/p>\n<p style=\"text-align: justify;\">Sanaa Ahmed (Um Rami), oriunda del pueblo de Tal Aawa en el municipio de Safita en la provincia costera de Tartous, perdi\u00f3 a sus cuatro hijos en las batallas del ej\u00e9rcito sirio contra los terroristas.<\/p>\n<p style=\"text-align: justify;\">\u201cEn 2012, me informaron de la muerte de mi hijo Hassan, quien estuvo combatiendo en las filas del Ej\u00e9rcito \u00c1rabe Sirio contra los terroristas, en la provincia de Quneitra\u201d, dijo la madre del m\u00e1rtir a la reportera de SANA.<\/p>\n<p style=\"text-align: justify;\">Explic\u00f3 que \u201cnueve meses despu\u00e9s, perdi\u00f3 a su segundo hijo, Rami, en Khan Al-Assal en Alepo en 2013, quien estuvo sirviendo siete a\u00f1os en las filas del ej\u00e9rcito, y luego en el mismo a\u00f1o, recibi\u00f3 la noticia de muerte de la ca\u00edda en combate de su hijo Bassel, en una de las batallas en la provincia de Homs, quien estaba casado y ten\u00edan tres hijos\u201d.<\/p>\n<p style=\"text-align: justify;\">Seis a\u00f1os despu\u00e9s de haber perdido a sus hijos Hassan, Rami y Bassel, en julio de 2020, Um Rami recibi\u00f3 la noticia de la lesi\u00f3n de su cuarto hijo Ali, casado y padre de tres hijos, a consecuencia de la agresi\u00f3n israel\u00ed contra la sede de investigaci\u00f3n cient\u00edfica en Damasco, donde permaneci\u00f3 un mes en cuidados intensivos, luego perdi\u00f3 la vida.<\/p>\n<p style=\"text-align: justify;\">Esta valiente madre, recibi\u00f3 los cuerpos de sus cuatro hijos con flores y laurel, y hoy, los miembros restantes de la familia se re\u00fanen en pleno ambiente de familiaridad, cooperaci\u00f3n y trabajo para mantener y criar a los hijos de los m\u00e1rtires y educarlos para que se sientan orgullosos de los sacrificios de sus padres.<\/p>\n<p style=\"text-align: justify;\">ed\/fm<\/p>\n","protected":false},"excerpt":{"rendered":"<p>Seis a\u00f1os despu\u00e9s de haber perdido a sus hijos Hassan, Rami y Bassel, en julio de 2020, Um Rami recibi\u00f3 la noticia de la lesi\u00f3n de su cuarto hijo Ali, casado y padre de tres hijos, a consecuencia de la agresi\u00f3n israel\u00ed contra la sede de investigaci\u00f3n cient\u00edfica en Damasco, donde permaneci\u00f3 un mes en &hellip;<\/p>\n","protected":false},"author":32,"featured_media":296464,"comment_status":"closed","ping_status":"closed","sticky":false,"template":"","format":"standard","meta":{"footnotes":""},"categories":[477,447,597,19549,476,583],"tags":[],"class_list":["post-296442","post","type-post","status-publish","format-standard","has-post-thumbnail","","category-noticias-edulcorantes","category-local-politica","category-cinta-de-noticias","category-ellas","category-locales","category-slide"],"_links":{"self":[{"href":"https:\/\/archive.sana.sy\/es\/index.php?rest_route=\/wp\/v2\/posts\/296442"}],"collection":[{"href":"https:\/\/archive.sana.sy\/es\/index.php?rest_route=\/wp\/v2\/posts"}],"about":[{"href":"https:\/\/archive.sana.sy\/es\/index.php?rest_route=\/wp\/v2\/types\/post"}],"author":[{"embeddable":true,"href":"https:\/\/archive.sana.sy\/es\/index.php?rest_route=\/wp\/v2\/users\/32"}],"replies":[{"embeddable":true,"href":"https:\/\/archive.sana.sy\/es\/index.php?rest_route=%2Fwp%2Fv2%2Fcomments&post=296442"}],"version-history":[{"count":2,"href":"https:\/\/archive.sana.sy\/es\/index.php?rest_route=\/wp\/v2\/posts\/296442\/revisions"}],"predecessor-version":[{"id":296450,"href":"https:\/\/archive.sana.sy\/es\/index.php?rest_route=\/wp\/v2\/posts\/296442\/revisions\/296450"}],"wp:featuredmedia":[{"embeddable":true,"href":"https:\/\/archive.sana.sy\/es\/index.php?rest_route=\/wp\/v2\/media\/296464"}],"wp:attachment":[{"href":"https:\/\/archive.sana.sy\/es\/index.php?rest_route=%2Fwp%2Fv2%2Fmedia&parent=296442"}],"wp:term":[{"taxonomy":"category","embeddable":true,"href":"https:\/\/archive.sana.sy\/es\/index.php?rest_route=%2Fwp%2Fv2%2Fcategories&post=296442"},{"taxonomy":"post_tag","embeddable":true,"href":"https:\/\/archive.sana.sy\/es\/index.php?rest_route=%2Fwp%2Fv2%2Ftags&post=296442"}],"curies":[{"name":"wp","href":"https:\/\/api.w.org\/{rel}","templated":true}]}}