{"id":296446,"date":"2023-05-06T12:07:47","date_gmt":"2023-05-06T09:07:47","guid":{"rendered":"http:\/\/sana.sy\/es\/?p=296446"},"modified":"2023-05-06T12:07:47","modified_gmt":"2023-05-06T09:07:47","slug":"rusia-promete-respuesta-proporcional-al-ataque-contra-el-kremlin","status":"publish","type":"post","link":"https:\/\/archive.sana.sy\/es\/?p=296446","title":{"rendered":"Rusia promete respuesta proporcional al ataque contra el Kremlin"},"content":{"rendered":"<p style=\"text-align: justify;\"><span style=\"color: #800000;\"><strong>Mosc\u00fa, 06 may (SANA)<\/strong><\/span> El jefe de la delegaci\u00f3n rusa en las conversaciones de Viena sobre la seguridad y el control de armas, Konstantin Gavrilo, afirm\u00f3 que la respuesta de su pa\u00eds al ataque con drones contra el Kremlin \u201cser\u00e1 proporcional\u201d.<\/p>\n<p style=\"text-align: justify;\">\u201cHabr\u00e1 una respuesta, estoy seguro de ello, ya que el liderazgo del pa\u00eds est\u00e1 considerando esta respuesta y estoy totalmente de acuerdo con el presidente de la Duma Estatal, Vyacheslav Volodin, de que esta respuesta debe ser cuidadosamente planeada para evitar que Kiev y sus patrocinadores tengan el deseo de repetir tales acciones nuevamente\u201d, dijo Garilov citado por Sputnik.<\/p>\n<p style=\"text-align: justify;\">Gavrilo concluy\u00f3 que no cree que las llamadas para usar todo lo posible est\u00e9n justificadas, ya que existe una doctrina militar que rige el uso de armas nucleares, y las llamadas vac\u00edas para el uso de armas nucleares son prematuras e inapropiadas.<\/p>\n<p style=\"text-align: justify;\"><em><strong>ah\/fm<\/strong><\/em><\/p>\n","protected":false},"excerpt":{"rendered":"<p>Mosc\u00fa, 06 may (SANA) El jefe de la delegaci\u00f3n rusa en las conversaciones de Viena sobre la seguridad y el control de armas, Konstantin Gavrilo, afirm\u00f3 que la respuesta de su pa\u00eds al ataque con drones contra el Kremlin \u201cser\u00e1 proporcional\u201d. \u201cHabr\u00e1 una respuesta, estoy seguro de ello, ya que el liderazgo del pa\u00eds est\u00e1 &hellip;<\/p>\n","protected":false},"author":30,"featured_media":296448,"comment_status":"closed","ping_status":"closed","sticky":false,"template":"","format":"standard","meta":{"footnotes":""},"categories":[456,16687,20724],"tags":[],"class_list":["post-296446","post","type-post","status-publish","format-standard","has-post-thumbnail","","category-arabe-internacional-politica","category-internacionales","category-minuto-a-minuto"],"_links":{"self":[{"href":"https:\/\/archive.sana.sy\/es\/index.php?rest_route=\/wp\/v2\/posts\/296446"}],"collection":[{"href":"https:\/\/archive.sana.sy\/es\/index.php?rest_route=\/wp\/v2\/posts"}],"about":[{"href":"https:\/\/archive.sana.sy\/es\/index.php?rest_route=\/wp\/v2\/types\/post"}],"author":[{"embeddable":true,"href":"https:\/\/archive.sana.sy\/es\/index.php?rest_route=\/wp\/v2\/users\/30"}],"replies":[{"embeddable":true,"href":"https:\/\/archive.sana.sy\/es\/index.php?rest_route=%2Fwp%2Fv2%2Fcomments&post=296446"}],"version-history":[{"count":1,"href":"https:\/\/archive.sana.sy\/es\/index.php?rest_route=\/wp\/v2\/posts\/296446\/revisions"}],"predecessor-version":[{"id":296449,"href":"https:\/\/archive.sana.sy\/es\/index.php?rest_route=\/wp\/v2\/posts\/296446\/revisions\/296449"}],"wp:featuredmedia":[{"embeddable":true,"href":"https:\/\/archive.sana.sy\/es\/index.php?rest_route=\/wp\/v2\/media\/296448"}],"wp:attachment":[{"href":"https:\/\/archive.sana.sy\/es\/index.php?rest_route=%2Fwp%2Fv2%2Fmedia&parent=296446"}],"wp:term":[{"taxonomy":"category","embeddable":true,"href":"https:\/\/archive.sana.sy\/es\/index.php?rest_route=%2Fwp%2Fv2%2Fcategories&post=296446"},{"taxonomy":"post_tag","embeddable":true,"href":"https:\/\/archive.sana.sy\/es\/index.php?rest_route=%2Fwp%2Fv2%2Ftags&post=296446"}],"curies":[{"name":"wp","href":"https:\/\/api.w.org\/{rel}","templated":true}]}}