{"id":296482,"date":"2023-05-06T16:46:28","date_gmt":"2023-05-06T13:46:28","guid":{"rendered":"http:\/\/sana.sy\/es\/?p=296482"},"modified":"2023-05-06T16:46:28","modified_gmt":"2023-05-06T13:46:28","slug":"las-fuerzas-chechenas-sustituiran-a-los-voluntarios-del-grupo-wagner-en-artiomovsk-bajmut","status":"publish","type":"post","link":"https:\/\/archive.sana.sy\/es\/?p=296482","title":{"rendered":"Las fuerzas chechenas sustituir\u00e1n a los voluntarios del grupo Wagner en Arti\u00f3movsk\/Bajmut"},"content":{"rendered":"<blockquote>\n<p style=\"text-align: justify;\"><span style=\"color: #800000;\">&#8220;Si los combatientes de Grupo Wagner abandonan Arti\u00f3movsk, entonces las Fuerzas Ajmat ocupar\u00e1n su lugar (\u2026) Nuestros combatientes ya est\u00e1n listos para salir y tomar la ciudad. Es solamente cuesti\u00f3n de horas&#8221;, manifest\u00f3 el l\u00edder checheno en su canal de Telegram.<\/span><\/p>\n<\/blockquote>\n<p style=\"text-align: justify;\"><span style=\"color: #800000;\"><strong>Mosc\u00fa, 6 may (SANA)<\/strong><\/span> El jefe del Grupo Wagner, Evgueni Prigozhin, confirm\u00f3 su disposici\u00f3n a transferir sus posiciones en la ciudad de Arti\u00f3movsk (Bajmut) a las unidades de las Fuerzas Especiales Chechenas.<\/p>\n<p style=\"text-align: justify;\">&#8220;Ya estoy en contacto con los representantes de Kad\u00edrov para que el traspaso de posiciones pueda comenzar inmediatamente. De modo que a las 00:00 del 10 de mayo. (&#8230;) Nuestros camaradas se ocupar\u00e1n los puestos y continuar\u00e1n el asalto a Bajmut&#8221;, cita el servicio de prensa de Prigozhin en su respuesta a una propuesta correspondiente del presidente de la rep\u00fablica de Chechenia, Ramz\u00e1n Kad\u00edrov.<\/p>\n<p style=\"text-align: justify;\">El 5 de mayo, Kad\u00edrov declar\u00f3 que estaba dispuesto a ocupar el lugar de Evgueni Prigozhin en la ciudad de Arti\u00f3movsk en la Rep\u00fablica Popular de Donetsk (RPD).<\/p>\n<p style=\"text-align: justify;\">&#8220;Si los combatientes de Grupo Wagner abandonan Arti\u00f3movsk, entonces las Fuerzas Ajmat ocupar\u00e1n su lugar (\u2026) Nuestros combatientes ya est\u00e1n listos para salir y tomar la ciudad. Es solamente cuesti\u00f3n de horas&#8221;, manifest\u00f3 el l\u00edder checheno en su canal de Telegram, citado por Sputnik.<\/p>\n<p style=\"text-align: justify;\">fm\/as<\/p>\n","protected":false},"excerpt":{"rendered":"<p>&#8220;Si los combatientes de Grupo Wagner abandonan Arti\u00f3movsk, entonces las Fuerzas Ajmat ocupar\u00e1n su lugar (\u2026) Nuestros combatientes ya est\u00e1n listos para salir y tomar la ciudad. Es solamente cuesti\u00f3n de horas&#8221;, manifest\u00f3 el l\u00edder checheno en su canal de Telegram. Mosc\u00fa, 6 may (SANA) El jefe del Grupo Wagner, Evgueni Prigozhin, confirm\u00f3 su disposici\u00f3n &hellip;<\/p>\n","protected":false},"author":42,"featured_media":296483,"comment_status":"closed","ping_status":"closed","sticky":false,"template":"","format":"standard","meta":{"footnotes":""},"categories":[597,456,16687,20724,7541],"tags":[],"class_list":["post-296482","post","type-post","status-publish","format-standard","has-post-thumbnail","","category-cinta-de-noticias","category-arabe-internacional-politica","category-internacionales","category-minuto-a-minuto","category-ultimas-noticias"],"_links":{"self":[{"href":"https:\/\/archive.sana.sy\/es\/index.php?rest_route=\/wp\/v2\/posts\/296482"}],"collection":[{"href":"https:\/\/archive.sana.sy\/es\/index.php?rest_route=\/wp\/v2\/posts"}],"about":[{"href":"https:\/\/archive.sana.sy\/es\/index.php?rest_route=\/wp\/v2\/types\/post"}],"author":[{"embeddable":true,"href":"https:\/\/archive.sana.sy\/es\/index.php?rest_route=\/wp\/v2\/users\/42"}],"replies":[{"embeddable":true,"href":"https:\/\/archive.sana.sy\/es\/index.php?rest_route=%2Fwp%2Fv2%2Fcomments&post=296482"}],"version-history":[{"count":1,"href":"https:\/\/archive.sana.sy\/es\/index.php?rest_route=\/wp\/v2\/posts\/296482\/revisions"}],"predecessor-version":[{"id":296484,"href":"https:\/\/archive.sana.sy\/es\/index.php?rest_route=\/wp\/v2\/posts\/296482\/revisions\/296484"}],"wp:featuredmedia":[{"embeddable":true,"href":"https:\/\/archive.sana.sy\/es\/index.php?rest_route=\/wp\/v2\/media\/296483"}],"wp:attachment":[{"href":"https:\/\/archive.sana.sy\/es\/index.php?rest_route=%2Fwp%2Fv2%2Fmedia&parent=296482"}],"wp:term":[{"taxonomy":"category","embeddable":true,"href":"https:\/\/archive.sana.sy\/es\/index.php?rest_route=%2Fwp%2Fv2%2Fcategories&post=296482"},{"taxonomy":"post_tag","embeddable":true,"href":"https:\/\/archive.sana.sy\/es\/index.php?rest_route=%2Fwp%2Fv2%2Ftags&post=296482"}],"curies":[{"name":"wp","href":"https:\/\/api.w.org\/{rel}","templated":true}]}}