{"id":296536,"date":"2023-05-06T21:10:00","date_gmt":"2023-05-06T18:10:00","guid":{"rendered":"http:\/\/sana.sy\/es\/?p=296536"},"modified":"2023-05-06T21:10:00","modified_gmt":"2023-05-06T18:10:00","slug":"siria-y-oman-firman-memorando-de-cooperacion-en-campo-de-documentacion-historica","status":"publish","type":"post","link":"https:\/\/archive.sana.sy\/es\/?p=296536","title":{"rendered":"Siria y Om\u00e1n firman memorando de cooperaci\u00f3n en campo de documentaci\u00f3n hist\u00f3rica"},"content":{"rendered":"<p style=\"text-align: justify;\"><span style=\"color: #800000;\"><strong>Damasco, 06 may (SANA)<\/strong><\/span>\u00a0\u00a0 La fundaci\u00f3n siria \u201cWathiqat Wattan\u201d (Documento de Patria, en espa\u00f1ol) firm\u00f3 este s\u00e1bado un memorando de cooperaci\u00f3n con la Autoridad Nacional de Documentos y Archivos del Sultanato de Om\u00e1n.<\/p>\n<p style=\"text-align: justify;\">Este acuerdo estipula el intercambio de expertos en las \u00e1reas de documentaci\u00f3n hist\u00f3rica, gesti\u00f3n documental y cooperaci\u00f3n en el campo de la historia oral, en beneficio de los pueblos de los dos pa\u00edses.<\/p>\n<p style=\"text-align: justify;\">La presidenta del Patronato de la Fundaci\u00f3n, Buthaina Shaaban, destac\u00f3 la importancia de la cooperaci\u00f3n con Om\u00e1n, as\u00ed como con otros pa\u00edses \u00e1rabes, para conservar las artesan\u00edas, los documentos y la historia siria.<\/p>\n<p style=\"text-align: justify;\"><img loading=\"lazy\" decoding=\"async\" class=\"size-medium wp-image-296539 alignleft\" src=\"http:\/\/sana.sy\/es\/wp-content\/uploads\/2023\/05\/WAS9815-300x188.jpg\" alt=\"\" width=\"300\" height=\"188\" srcset=\"https:\/\/archive.sana.sy\/es\/wp-content\/uploads\/2023\/05\/WAS9815-300x188.jpg 300w, https:\/\/archive.sana.sy\/es\/wp-content\/uploads\/2023\/05\/WAS9815-1024x642.jpg 1024w, https:\/\/archive.sana.sy\/es\/wp-content\/uploads\/2023\/05\/WAS9815-150x94.jpg 150w, https:\/\/archive.sana.sy\/es\/wp-content\/uploads\/2023\/05\/WAS9815-768x482.jpg 768w, https:\/\/archive.sana.sy\/es\/wp-content\/uploads\/2023\/05\/WAS9815-1536x964.jpg 1536w, https:\/\/archive.sana.sy\/es\/wp-content\/uploads\/2023\/05\/WAS9815-2048x1285.jpg 2048w\" sizes=\"(max-width: 300px) 100vw, 300px\" \/>Se\u00f1al\u00f3 que este memor\u00e1ndum se firm\u00f3 para beneficiarse de las experiencias del Sultanato en la preservaci\u00f3n de la identidad nacional, \u00e1rabe y nacional.<\/p>\n<p style=\"text-align: justify;\">\u201cLa Autoridad Nacional de Documentos y Archivos del Sultanato de Om\u00e1n creada por decreto real del Sult\u00e1n Qaboos en 2007, es pionera en el campo de la preservaci\u00f3n de documentos en el mundo \u00e1rabe, incluidos los sectores p\u00fablico y privado, con una metodolog\u00eda jur\u00eddica comunidad integrada\u201d, indic\u00f3 Shabaan.<\/p>\n<p style=\"text-align: justify;\">Por su parte, el presidente de la Autoridad oman\u00ed, Hamad bin Muhammad Al-Dawyani, subray\u00f3 los grandes esfuerzos de \u201c\u201cWathiqat Wattan\u201d en la documentaci\u00f3n de muchos aspectos hist\u00f3ricos y culturales, y fortalecer la identidad nacional.<\/p>\n<p style=\"text-align: justify;\">\u201cEsperamos una mayor cooperaci\u00f3n, y este memorando es el camino que nos lleva a muchas reuniones y estudios (..) Deseo a Siria todo el progreso y la prosperidad\u201d, agreg\u00f3.<\/p>\n<p style=\"text-align: justify;\">rr\/fm<\/p>\n<p style=\"text-align: justify;\">\n","protected":false},"excerpt":{"rendered":"<p>Damasco, 06 may (SANA)\u00a0\u00a0 La fundaci\u00f3n siria \u201cWathiqat Wattan\u201d (Documento de Patria, en espa\u00f1ol) firm\u00f3 este s\u00e1bado un memorando de cooperaci\u00f3n con la Autoridad Nacional de Documentos y Archivos del Sultanato de Om\u00e1n. Este acuerdo estipula el intercambio de expertos en las \u00e1reas de documentaci\u00f3n hist\u00f3rica, gesti\u00f3n documental y cooperaci\u00f3n en el campo de la &hellip;<\/p>\n","protected":false},"author":31,"featured_media":296537,"comment_status":"closed","ping_status":"closed","sticky":false,"template":"","format":"standard","meta":{"footnotes":""},"categories":[597,467,7541],"tags":[19976,6553],"class_list":["post-296536","post","type-post","status-publish","format-standard","has-post-thumbnail","","category-cinta-de-noticias","category-siria-y-el-mundo","category-ultimas-noticias","tag-oman","tag-siria"],"_links":{"self":[{"href":"https:\/\/archive.sana.sy\/es\/index.php?rest_route=\/wp\/v2\/posts\/296536"}],"collection":[{"href":"https:\/\/archive.sana.sy\/es\/index.php?rest_route=\/wp\/v2\/posts"}],"about":[{"href":"https:\/\/archive.sana.sy\/es\/index.php?rest_route=\/wp\/v2\/types\/post"}],"author":[{"embeddable":true,"href":"https:\/\/archive.sana.sy\/es\/index.php?rest_route=\/wp\/v2\/users\/31"}],"replies":[{"embeddable":true,"href":"https:\/\/archive.sana.sy\/es\/index.php?rest_route=%2Fwp%2Fv2%2Fcomments&post=296536"}],"version-history":[{"count":1,"href":"https:\/\/archive.sana.sy\/es\/index.php?rest_route=\/wp\/v2\/posts\/296536\/revisions"}],"predecessor-version":[{"id":296541,"href":"https:\/\/archive.sana.sy\/es\/index.php?rest_route=\/wp\/v2\/posts\/296536\/revisions\/296541"}],"wp:featuredmedia":[{"embeddable":true,"href":"https:\/\/archive.sana.sy\/es\/index.php?rest_route=\/wp\/v2\/media\/296537"}],"wp:attachment":[{"href":"https:\/\/archive.sana.sy\/es\/index.php?rest_route=%2Fwp%2Fv2%2Fmedia&parent=296536"}],"wp:term":[{"taxonomy":"category","embeddable":true,"href":"https:\/\/archive.sana.sy\/es\/index.php?rest_route=%2Fwp%2Fv2%2Fcategories&post=296536"},{"taxonomy":"post_tag","embeddable":true,"href":"https:\/\/archive.sana.sy\/es\/index.php?rest_route=%2Fwp%2Fv2%2Ftags&post=296536"}],"curies":[{"name":"wp","href":"https:\/\/api.w.org\/{rel}","templated":true}]}}