{"id":296581,"date":"2023-05-07T15:26:15","date_gmt":"2023-05-07T12:26:15","guid":{"rendered":"https:\/\/sana.sy\/es\/?p=296581"},"modified":"2023-05-07T16:29:20","modified_gmt":"2023-05-07T13:29:20","slug":"siria-recupera-su-asiento-en-la-liga-de-estados-arabes","status":"publish","type":"post","link":"https:\/\/archive.sana.sy\/es\/?p=296581","title":{"rendered":"Siria recupera su asiento en la Liga de Estados \u00c1rabes"},"content":{"rendered":"<p style=\"text-align: justify;\"><span style=\"color: #800000;\"><strong>El Cairo, 7 abr (SANA) <\/strong><\/span>El Consejo de la Liga de Estados \u00c1rabes celebrado a nivel ministerial decidi\u00f3 la reanudaci\u00f3n de la participaci\u00f3n de delegaciones del Gobierno de la Rep\u00fablica \u00c1rabe Siria en las reuniones del Consejo de la Liga de los Estados \u00c1rabes, y todas sus organizaciones y agencias afiliadas, a partir del 7 de mayo de 2023.<\/p>\n<p style=\"text-align: justify;\"><strong>Puntos claves de la declaraci\u00f3n:<\/strong><\/p>\n<p style=\"text-align: justify;\">\u25fe\ufe0f Reiterar el compromiso con la preservaci\u00f3n de la soberan\u00eda, integridad territorial y estabilidad de Siria, en virtud de la Carta de la Liga \u00c1rabe y sus principios.<\/p>\n<p style=\"text-align: justify;\">\u25fe\ufe0f Continuar e intensificar los esfuerzos \u00e1rabes destinados a ayudar a Siria a salir de su crisis y poner fin al sufrimiento del hermano pueblo sirio que se ha prolongado a lo largo de los a\u00f1os, y en consonancia con el inter\u00e9s \u00e1rabe com\u00fan y las relaciones fraternales que unen a todos los pueblos \u00e1rabes, incluido el pueblo sirio.<\/p>\n<p><img loading=\"lazy\" decoding=\"async\" class=\"size-medium wp-image-296599 alignleft\" src=\"http:\/\/sana.sy\/es\/wp-content\/uploads\/2023\/05\/photo_2023-05-07_16-03-24-300x168.jpg\" alt=\"\" width=\"300\" height=\"168\" srcset=\"https:\/\/archive.sana.sy\/es\/wp-content\/uploads\/2023\/05\/photo_2023-05-07_16-03-24-300x168.jpg 300w, https:\/\/archive.sana.sy\/es\/wp-content\/uploads\/2023\/05\/photo_2023-05-07_16-03-24-150x84.jpg 150w, https:\/\/archive.sana.sy\/es\/wp-content\/uploads\/2023\/05\/photo_2023-05-07_16-03-24.jpg 660w\" sizes=\"(max-width: 300px) 100vw, 300px\" \/><\/p>\n<p style=\"text-align: justify;\">\u25fe\ufe0f Acoger con benepl\u00e1cito las declaraciones \u00e1rabes emitidas por la reuni\u00f3n de Jedah sobre Siria el 14 de abril de 2023 y la reuni\u00f3n de Am\u00e1n sobre Siria el 1 de mayo de 2023.<\/p>\n<p style=\"text-align: justify;\">\u25fe\ufe0fManifestar el entusiasmo por asumir un papel \u00e1rabe pionero en los esfuerzos por resolver la crisis siria, que solucione todas las consecuencias de la crisis humanitaria, de seguridad y pol\u00edtica en Siria, especialmente la amenaza del terrorismo, el peligro del contrabando de drogas y la deportaci\u00f3n.<\/p>\n<p style=\"text-align: justify;\">\u25fe\ufe0f Dar la bienvenida a la voluntad de la Rep\u00fablica \u00c1rabe Siria de cooperar con los pa\u00edses \u00e1rabes para implementar los resultados de las declaraciones \u00e1rabes pertinentes y subrayar la necesidad de implementar los compromisos y el consenso alcanzado en la reuni\u00f3n de Am\u00e1n, as\u00ed como la adopci\u00f3n de los mecanismos necesarios para activar el papel \u00e1rabe .<\/p>\n<p style=\"text-align: justify;\">\u25fe\ufe0f Enfatizando la necesidad de tomar medidas pr\u00e1cticas y efectivas para resolver la crisis de manera gradual seg\u00fan el principio de \u201cpaso a paso\u201d y en l\u00ednea con la Resoluci\u00f3n del Consejo de Seguridad No. 2254.<\/p>\n<p style=\"text-align: justify;\">\u25fe\ufe0f Formar un comit\u00e9 de contacto ministerial compuesto por Jordania, Arabia Saudita, Irak, L\u00edbano, Egipto y el Secretario General de la Liga \u00c1rabe para dar seguimiento a la implementaci\u00f3n de la Declaraci\u00f3n de Am\u00e1n y continuar el di\u00e1logo directo con el gobierno sirio para alcanzar una soluci\u00f3n integral a la crisis siria.<\/p>\n<p style=\"text-align: justify;\">\u25fe\ufe0f Reanudar la participaci\u00f3n de delegaciones del gobierno de la Rep\u00fablica \u00c1rabe Siria en las reuniones del Consejo de la Liga de los Estados \u00c1rabes y todas sus organizaciones y agencias afiliadas, a partir del 7 de mayo de 2023.<\/p>\n<p style=\"text-align: justify;\">\u25fe\ufe0f Solicitar al Secretario General que d\u00e9 seguimiento a la implementaci\u00f3n de lo dispuesto en esta resoluci\u00f3n e informe al Consejo sobre sus avances.<\/p>\n<p style=\"text-align: justify;\">fm\/as<\/p>\n","protected":false},"excerpt":{"rendered":"<p>El Cairo, 7 abr (SANA) El Consejo de la Liga de Estados \u00c1rabes celebrado a nivel ministerial decidi\u00f3 la reanudaci\u00f3n de la participaci\u00f3n de delegaciones del Gobierno de la Rep\u00fablica \u00c1rabe Siria en las reuniones del Consejo de la Liga de los Estados \u00c1rabes, y todas sus organizaciones y agencias afiliadas, a partir del 7 &hellip;<\/p>\n","protected":false},"author":42,"featured_media":296583,"comment_status":"closed","ping_status":"closed","sticky":false,"template":"","format":"standard","meta":{"footnotes":""},"categories":[477,447,597,20724,467,583],"tags":[],"class_list":["post-296581","post","type-post","status-publish","format-standard","has-post-thumbnail","","category-noticias-edulcorantes","category-local-politica","category-cinta-de-noticias","category-minuto-a-minuto","category-siria-y-el-mundo","category-slide"],"_links":{"self":[{"href":"https:\/\/archive.sana.sy\/es\/index.php?rest_route=\/wp\/v2\/posts\/296581"}],"collection":[{"href":"https:\/\/archive.sana.sy\/es\/index.php?rest_route=\/wp\/v2\/posts"}],"about":[{"href":"https:\/\/archive.sana.sy\/es\/index.php?rest_route=\/wp\/v2\/types\/post"}],"author":[{"embeddable":true,"href":"https:\/\/archive.sana.sy\/es\/index.php?rest_route=\/wp\/v2\/users\/42"}],"replies":[{"embeddable":true,"href":"https:\/\/archive.sana.sy\/es\/index.php?rest_route=%2Fwp%2Fv2%2Fcomments&post=296581"}],"version-history":[{"count":4,"href":"https:\/\/archive.sana.sy\/es\/index.php?rest_route=\/wp\/v2\/posts\/296581\/revisions"}],"predecessor-version":[{"id":296600,"href":"https:\/\/archive.sana.sy\/es\/index.php?rest_route=\/wp\/v2\/posts\/296581\/revisions\/296600"}],"wp:featuredmedia":[{"embeddable":true,"href":"https:\/\/archive.sana.sy\/es\/index.php?rest_route=\/wp\/v2\/media\/296583"}],"wp:attachment":[{"href":"https:\/\/archive.sana.sy\/es\/index.php?rest_route=%2Fwp%2Fv2%2Fmedia&parent=296581"}],"wp:term":[{"taxonomy":"category","embeddable":true,"href":"https:\/\/archive.sana.sy\/es\/index.php?rest_route=%2Fwp%2Fv2%2Fcategories&post=296581"},{"taxonomy":"post_tag","embeddable":true,"href":"https:\/\/archive.sana.sy\/es\/index.php?rest_route=%2Fwp%2Fv2%2Ftags&post=296581"}],"curies":[{"name":"wp","href":"https:\/\/api.w.org\/{rel}","templated":true}]}}