{"id":296585,"date":"2023-05-07T16:08:37","date_gmt":"2023-05-07T13:08:37","guid":{"rendered":"https:\/\/sana.sy\/es\/?p=296585"},"modified":"2023-05-07T16:25:12","modified_gmt":"2023-05-07T13:25:12","slug":"primer-ministro-siria-ha-entrado-en-fase-de-apertura-y-cooperacion-constructiva-y-productiva","status":"publish","type":"post","link":"https:\/\/archive.sana.sy\/es\/?p=296585","title":{"rendered":"Primer Ministro: Siria ha entrado en fase de apertura y cooperaci\u00f3n constructiva y productiva"},"content":{"rendered":"<blockquote>\n<p style=\"text-align: justify;\"><span style=\"color: #993300;\">En cuanto a la respuesta gubernamental a las secuelas de los terremotos, Arnous explic\u00f3 que las instituciones del Estado se vieron ante un desaf\u00edo adicional y una nueva prueba de tipo diferente e in\u00e9dito.<\/span><br \/>\n<span style=\"color: #993300;\">\u201cFue un desaf\u00edo en t\u00e9rminos de tiempo y recursos materiales, financieros y humanos, agotados por la prolongada guerra contra el terrorismo\u201d, manifest\u00f3.<\/span><\/p>\n<\/blockquote>\n<p style=\"text-align: justify;\"><span style=\"color: #800000;\"><strong>Damasco, 7 abr (SANA)<\/strong><\/span> El primer ministro sirio Hussein Arnous dijo hoy ante la Asamblea del Pueblo (Parlamentos), que Siria ha entrado en una nueva etapa de apertura y cooperaci\u00f3n constructiva y productiva.<\/p>\n<p style=\"text-align: justify;\">\u201cEsperamos que esta fase sea el preludio del fin del sufrimiento de nuestro pueblo resultante de las injustas sanciones unilaterales y del saqueo de sus riquezas naturales por parte del ocupante estadounidense y sus lacayos en el este de Siria\u201d, dijo el jefe del Ejecutivo.<\/p>\n<p style=\"text-align: justify;\">En cuanto a la respuesta gubernamental a las secuelas de los terremotos, Arnous explic\u00f3 que las instituciones del Estado se vieron ante un desaf\u00edo adicional y una nueva prueba de tipo diferente e in\u00e9dito.<\/p>\n<p style=\"text-align: justify;\">\u201cFue un desaf\u00edo en t\u00e9rminos de tiempo y recursos materiales, financieros y humanos, agotados por la prolongada guerra contra el terrorismo\u201d, manifest\u00f3.<img loading=\"lazy\" decoding=\"async\" class=\"size-medium wp-image-296593 alignright\" src=\"http:\/\/sana.sy\/es\/wp-content\/uploads\/2023\/05\/ROD_4180-copy-660x330-1-300x150.jpg\" alt=\"\" width=\"300\" height=\"150\" srcset=\"https:\/\/archive.sana.sy\/es\/wp-content\/uploads\/2023\/05\/ROD_4180-copy-660x330-1-300x150.jpg 300w, https:\/\/archive.sana.sy\/es\/wp-content\/uploads\/2023\/05\/ROD_4180-copy-660x330-1-150x75.jpg 150w, https:\/\/archive.sana.sy\/es\/wp-content\/uploads\/2023\/05\/ROD_4180-copy-660x330-1.jpg 660w\" sizes=\"(max-width: 300px) 100vw, 300px\" \/><\/p>\n<p style=\"text-align: justify;\">Por otro lado, revel\u00f3 que el desastre del terremoto caus\u00f3 la muerte de mil 414 personas y lesiones a otros dos mil 367, mientras mil 553 fueron rescatados de debajo de los escombros.<\/p>\n<p style=\"text-align: justify;\">El n\u00famero de familias afectadas ascendi\u00f3 a 224 mil 762 con un total superior al mill\u00f3n de personas, mientras la cifra de familias albergadas en 32 centros de alojamiento es mil 348 familias, indic\u00f3.<\/p>\n<p style=\"text-align: justify;\">Seg\u00fan Arnous, el n\u00famero de inmuebles inhabitables a consecuencia de los terremotos fue 9 mil 194, y deben ser demolidas, mientras 66 mil 889 edificaciones requieren refuerzo y 140 mil 386 son edificaciones seguras.<\/p>\n<p>&nbsp;<\/p>\n<p style=\"text-align: justify;\">fm\/as<\/p>\n","protected":false},"excerpt":{"rendered":"<p>En cuanto a la respuesta gubernamental a las secuelas de los terremotos, Arnous explic\u00f3 que las instituciones del Estado se vieron ante un desaf\u00edo adicional y una nueva prueba de tipo diferente e in\u00e9dito. \u201cFue un desaf\u00edo en t\u00e9rminos de tiempo y recursos materiales, financieros y humanos, agotados por la prolongada guerra contra el terrorismo\u201d, &hellip;<\/p>\n","protected":false},"author":42,"featured_media":296594,"comment_status":"closed","ping_status":"closed","sticky":false,"template":"","format":"standard","meta":{"footnotes":""},"categories":[597,20724,476,583],"tags":[],"class_list":["post-296585","post","type-post","status-publish","format-standard","has-post-thumbnail","","category-cinta-de-noticias","category-minuto-a-minuto","category-locales","category-slide"],"_links":{"self":[{"href":"https:\/\/archive.sana.sy\/es\/index.php?rest_route=\/wp\/v2\/posts\/296585"}],"collection":[{"href":"https:\/\/archive.sana.sy\/es\/index.php?rest_route=\/wp\/v2\/posts"}],"about":[{"href":"https:\/\/archive.sana.sy\/es\/index.php?rest_route=\/wp\/v2\/types\/post"}],"author":[{"embeddable":true,"href":"https:\/\/archive.sana.sy\/es\/index.php?rest_route=\/wp\/v2\/users\/42"}],"replies":[{"embeddable":true,"href":"https:\/\/archive.sana.sy\/es\/index.php?rest_route=%2Fwp%2Fv2%2Fcomments&post=296585"}],"version-history":[{"count":4,"href":"https:\/\/archive.sana.sy\/es\/index.php?rest_route=\/wp\/v2\/posts\/296585\/revisions"}],"predecessor-version":[{"id":296596,"href":"https:\/\/archive.sana.sy\/es\/index.php?rest_route=\/wp\/v2\/posts\/296585\/revisions\/296596"}],"wp:featuredmedia":[{"embeddable":true,"href":"https:\/\/archive.sana.sy\/es\/index.php?rest_route=\/wp\/v2\/media\/296594"}],"wp:attachment":[{"href":"https:\/\/archive.sana.sy\/es\/index.php?rest_route=%2Fwp%2Fv2%2Fmedia&parent=296585"}],"wp:term":[{"taxonomy":"category","embeddable":true,"href":"https:\/\/archive.sana.sy\/es\/index.php?rest_route=%2Fwp%2Fv2%2Fcategories&post=296585"},{"taxonomy":"post_tag","embeddable":true,"href":"https:\/\/archive.sana.sy\/es\/index.php?rest_route=%2Fwp%2Fv2%2Ftags&post=296585"}],"curies":[{"name":"wp","href":"https:\/\/api.w.org\/{rel}","templated":true}]}}