{"id":296601,"date":"2023-05-07T16:57:12","date_gmt":"2023-05-07T13:57:12","guid":{"rendered":"https:\/\/sana.sy\/es\/?p=296601"},"modified":"2023-05-07T16:57:12","modified_gmt":"2023-05-07T13:57:12","slug":"siria-reacciona-a-la-decision-de-reactivar-su-membresia-en-la-liga-arabe","status":"publish","type":"post","link":"https:\/\/archive.sana.sy\/es\/?p=296601","title":{"rendered":"Siria reacciona a la decisi\u00f3n de reactivar su membres\u00eda en la Liga \u00c1rabe"},"content":{"rendered":"<blockquote>\n<p style=\"text-align: justify;\"><span style=\"color: #993300;\">\u201cSiria ha estado siguiendo las tendencias y movimientos positivos que est\u00e1n teniendo lugar actualmente en la regi\u00f3n \u00e1rabe, y cree que \u00e9stos benefician a todos los pa\u00edses \u00e1rabes y favorecen la estabilidad, seguridad y bienestar de sus pueblos\u201d<\/span><\/p>\n<\/blockquote>\n<p style=\"text-align: justify;\"><span style=\"color: #800000;\"><strong>Damasco, 7 may (SANA)<\/strong> <\/span>El Ministerio de Asuntos Exteriores y Expatriados de Siria declar\u00f3 hoy que \u201crecibi\u00f3 con inter\u00e9s\u201d la decisi\u00f3n tomada por el Consejo de la Liga de Estados \u00c1rabes que se reuni\u00f3 a nivel de ministros de Asuntos Exteriores en El Cairo.<\/p>\n<p style=\"text-align: justify;\">\u201cSiria ha estado siguiendo las tendencias y movimientos positivos que est\u00e1n teniendo lugar actualmente en la regi\u00f3n \u00e1rabe, y cree que \u00e9stos benefician a todos los pa\u00edses \u00e1rabes y favorecen la estabilidad, seguridad y bienestar de sus pueblos\u201d, afirm\u00f3 la Canciller\u00eda por medio de una declaraci\u00f3n.<\/p>\n<p style=\"text-align: justify;\">Aclar\u00f3 que \u201cSiria es miembro fundador de la Liga \u00c1rabe y siempre ha tenido una firme posici\u00f3n en favor de fortalecer la acci\u00f3n \u00e1rabe conjunta.<\/p>\n<p style=\"text-align: justify;\">\u201cSubrayamos la importancia del di\u00e1logo y la acci\u00f3n conjunta para hacer frente a los actuales desaf\u00edos ante los pa\u00edses \u00e1rabes\u201d, asegur\u00f3 el texto del comunicado.<\/p>\n<p style=\"text-align: justify;\">Concluy\u00f3 su declaraci\u00f3n con reafirmar que la pr\u00f3xima etapa requiere un enfoque \u00e1rabe efectivo a nivel bilateral y plural basado en el di\u00e1logo y el respeto mutuo.<\/p>\n<p style=\"text-align: justify;\">fm\/as<\/p>\n","protected":false},"excerpt":{"rendered":"<p>\u201cSiria ha estado siguiendo las tendencias y movimientos positivos que est\u00e1n teniendo lugar actualmente en la regi\u00f3n \u00e1rabe, y cree que \u00e9stos benefician a todos los pa\u00edses \u00e1rabes y favorecen la estabilidad, seguridad y bienestar de sus pueblos\u201d Damasco, 7 may (SANA) El Ministerio de Asuntos Exteriores y Expatriados de Siria declar\u00f3 hoy que \u201crecibi\u00f3 &hellip;<\/p>\n","protected":false},"author":42,"featured_media":296602,"comment_status":"closed","ping_status":"closed","sticky":false,"template":"","format":"standard","meta":{"footnotes":""},"categories":[477,597,20724,467,583],"tags":[],"class_list":["post-296601","post","type-post","status-publish","format-standard","has-post-thumbnail","","category-noticias-edulcorantes","category-cinta-de-noticias","category-minuto-a-minuto","category-siria-y-el-mundo","category-slide"],"_links":{"self":[{"href":"https:\/\/archive.sana.sy\/es\/index.php?rest_route=\/wp\/v2\/posts\/296601"}],"collection":[{"href":"https:\/\/archive.sana.sy\/es\/index.php?rest_route=\/wp\/v2\/posts"}],"about":[{"href":"https:\/\/archive.sana.sy\/es\/index.php?rest_route=\/wp\/v2\/types\/post"}],"author":[{"embeddable":true,"href":"https:\/\/archive.sana.sy\/es\/index.php?rest_route=\/wp\/v2\/users\/42"}],"replies":[{"embeddable":true,"href":"https:\/\/archive.sana.sy\/es\/index.php?rest_route=%2Fwp%2Fv2%2Fcomments&post=296601"}],"version-history":[{"count":1,"href":"https:\/\/archive.sana.sy\/es\/index.php?rest_route=\/wp\/v2\/posts\/296601\/revisions"}],"predecessor-version":[{"id":296603,"href":"https:\/\/archive.sana.sy\/es\/index.php?rest_route=\/wp\/v2\/posts\/296601\/revisions\/296603"}],"wp:featuredmedia":[{"embeddable":true,"href":"https:\/\/archive.sana.sy\/es\/index.php?rest_route=\/wp\/v2\/media\/296602"}],"wp:attachment":[{"href":"https:\/\/archive.sana.sy\/es\/index.php?rest_route=%2Fwp%2Fv2%2Fmedia&parent=296601"}],"wp:term":[{"taxonomy":"category","embeddable":true,"href":"https:\/\/archive.sana.sy\/es\/index.php?rest_route=%2Fwp%2Fv2%2Fcategories&post=296601"},{"taxonomy":"post_tag","embeddable":true,"href":"https:\/\/archive.sana.sy\/es\/index.php?rest_route=%2Fwp%2Fv2%2Ftags&post=296601"}],"curies":[{"name":"wp","href":"https:\/\/api.w.org\/{rel}","templated":true}]}}