{"id":296619,"date":"2023-05-08T19:30:22","date_gmt":"2023-05-08T16:30:22","guid":{"rendered":"http:\/\/sana.sy\/es\/?p=296619"},"modified":"2023-05-09T06:18:20","modified_gmt":"2023-05-09T03:18:20","slug":"presidentes-de-siria-y-emiratos-arabes-unidos-conversan-sobre-relaciones-bilaterales-y-situacion-positiva-en-la-arena-arabe","status":"publish","type":"post","link":"https:\/\/archive.sana.sy\/es\/?p=296619","title":{"rendered":"Presidentes de Siria y Emiratos \u00c1rabes Unidos conversan sobre relaciones bilaterales y situaci\u00f3n positiva en la arena \u00e1rabe"},"content":{"rendered":"<blockquote>\n<p style=\"text-align: justify;\"><span style=\"color: #993300;\">El presidente Al-Assad expres\u00f3 el agradecimiento de Siria por el papel desempe\u00f1ado por EAU para unir los \u00e1rabes y mejorar sus relaciones \u00e1rabes.<\/span><\/p>\n<\/blockquote>\n<p style=\"text-align: justify;\"><span style=\"color: #800000;\"><strong>Damasco, 8 may (SANA)\u00a0\u00a0<\/strong> <\/span>El presidente Bashar Al-Assad, sostuvo una conversaci\u00f3n telef\u00f3nica con el Jeque Mohammed bin Zayed Al Nahyan, presidente de Emiratos \u00c1rabes Unidos (EAU).<\/p>\n<p style=\"text-align: justify;\">Los dos mandatarios abordaron los acontecimientos positivos en la arena \u00e1rabe. En este sentido, el presidente Al-Assad expres\u00f3 el agradecimiento de Siria a EAU por el papel desempe\u00f1ado para unir los \u00e1rabes y mejorar sus relaciones \u00e1rabes.<\/p>\n<p style=\"text-align: justify;\">Asegur\u00f3 que este esfuerzo de Abu Dabi impuls\u00f3 la cooperaci\u00f3n \u00e1rabe conjunta y favoreci\u00f3 los intereses de los pa\u00edses y pueblos \u00e1rabes.<\/p>\n<p style=\"text-align: justify;\">Los dos gobernantes trataron tambi\u00e9n en su conversaci\u00f3n las relaciones bilaterales y la cooperaci\u00f3n entre Siria y EAU en varios campos.<\/p>\n<p style=\"text-align: justify;\">fm<\/p>\n<p style=\"text-align: justify;\">\n","protected":false},"excerpt":{"rendered":"<p>El presidente Al-Assad expres\u00f3 el agradecimiento de Siria por el papel desempe\u00f1ado por EAU para unir los \u00e1rabes y mejorar sus relaciones \u00e1rabes. Damasco, 8 may (SANA)\u00a0\u00a0 El presidente Bashar Al-Assad, sostuvo una conversaci\u00f3n telef\u00f3nica con el Jeque Mohammed bin Zayed Al Nahyan, presidente de Emiratos \u00c1rabes Unidos (EAU). Los dos mandatarios abordaron los acontecimientos &hellip;<\/p>\n","protected":false},"author":34,"featured_media":296620,"comment_status":"closed","ping_status":"closed","sticky":false,"template":"","format":"standard","meta":{"footnotes":""},"categories":[447,477,597,20724,476,467],"tags":[],"class_list":["post-296619","post","type-post","status-publish","format-standard","has-post-thumbnail","","category-local-politica","category-noticias-edulcorantes","category-cinta-de-noticias","category-minuto-a-minuto","category-locales","category-siria-y-el-mundo"],"_links":{"self":[{"href":"https:\/\/archive.sana.sy\/es\/index.php?rest_route=\/wp\/v2\/posts\/296619"}],"collection":[{"href":"https:\/\/archive.sana.sy\/es\/index.php?rest_route=\/wp\/v2\/posts"}],"about":[{"href":"https:\/\/archive.sana.sy\/es\/index.php?rest_route=\/wp\/v2\/types\/post"}],"author":[{"embeddable":true,"href":"https:\/\/archive.sana.sy\/es\/index.php?rest_route=\/wp\/v2\/users\/34"}],"replies":[{"embeddable":true,"href":"https:\/\/archive.sana.sy\/es\/index.php?rest_route=%2Fwp%2Fv2%2Fcomments&post=296619"}],"version-history":[{"count":1,"href":"https:\/\/archive.sana.sy\/es\/index.php?rest_route=\/wp\/v2\/posts\/296619\/revisions"}],"predecessor-version":[{"id":296621,"href":"https:\/\/archive.sana.sy\/es\/index.php?rest_route=\/wp\/v2\/posts\/296619\/revisions\/296621"}],"wp:featuredmedia":[{"embeddable":true,"href":"https:\/\/archive.sana.sy\/es\/index.php?rest_route=\/wp\/v2\/media\/296620"}],"wp:attachment":[{"href":"https:\/\/archive.sana.sy\/es\/index.php?rest_route=%2Fwp%2Fv2%2Fmedia&parent=296619"}],"wp:term":[{"taxonomy":"category","embeddable":true,"href":"https:\/\/archive.sana.sy\/es\/index.php?rest_route=%2Fwp%2Fv2%2Fcategories&post=296619"},{"taxonomy":"post_tag","embeddable":true,"href":"https:\/\/archive.sana.sy\/es\/index.php?rest_route=%2Fwp%2Fv2%2Ftags&post=296619"}],"curies":[{"name":"wp","href":"https:\/\/api.w.org\/{rel}","templated":true}]}}