{"id":296660,"date":"2023-05-08T13:43:37","date_gmt":"2023-05-08T10:43:37","guid":{"rendered":"http:\/\/sana.sy\/es\/?p=296660"},"modified":"2023-05-08T13:43:37","modified_gmt":"2023-05-08T10:43:37","slug":"visita-del-presidente-irani-a-siria-marco-un-nuevo-rumbo-para-las-relaciones-bilaterales","status":"publish","type":"post","link":"https:\/\/archive.sana.sy\/es\/?p=296660","title":{"rendered":"Visita del presidente iran\u00ed a Siria marc\u00f3 un nuevo rumbo para las relaciones bilaterales"},"content":{"rendered":"<p style=\"text-align: justify;\"><span style=\"color: #800000;\"><strong>Teher\u00e1n, 08 may (SANA)\u00a0 \u00a0<\/strong><\/span>El portavoz del Ministerio de Relaciones Exteriores de Ir\u00e1n, Nasser Kanaani, afirm\u00f3 que la visita del presidente iran\u00ed, Ebrahim Raisi, a Siria fue muy importante para establecer un nuevo rumbo en las relaciones entre los dos pa\u00edses.<\/p>\n<p style=\"text-align: justify;\">Al comentar sobre esta visita, Kanaani dijo en su conferencia de prensa semanal, que la visita fue \u201cuno de los eventos importantes despu\u00e9s de la victoria del eje de resistencia\u201d.<\/p>\n<p style=\"text-align: justify;\">Se\u00f1al\u00f3 que uno de los objetivos de la visita es definir un nuevo rumbo para las relaciones entre los dos pa\u00edses en los campos econ\u00f3mico y comercial, adem\u00e1s de otras \u00e1reas de cooperaci\u00f3n bilateral.<\/p>\n<p style=\"text-align: justify;\">ed\/fm<\/p>\n","protected":false},"excerpt":{"rendered":"<p>Teher\u00e1n, 08 may (SANA)\u00a0 \u00a0El portavoz del Ministerio de Relaciones Exteriores de Ir\u00e1n, Nasser Kanaani, afirm\u00f3 que la visita del presidente iran\u00ed, Ebrahim Raisi, a Siria fue muy importante para establecer un nuevo rumbo en las relaciones entre los dos pa\u00edses. Al comentar sobre esta visita, Kanaani dijo en su conferencia de prensa semanal, que &hellip;<\/p>\n","protected":false},"author":32,"featured_media":296661,"comment_status":"closed","ping_status":"closed","sticky":false,"template":"","format":"standard","meta":{"footnotes":""},"categories":[597,467,7541],"tags":[],"class_list":["post-296660","post","type-post","status-publish","format-standard","has-post-thumbnail","","category-cinta-de-noticias","category-siria-y-el-mundo","category-ultimas-noticias"],"_links":{"self":[{"href":"https:\/\/archive.sana.sy\/es\/index.php?rest_route=\/wp\/v2\/posts\/296660"}],"collection":[{"href":"https:\/\/archive.sana.sy\/es\/index.php?rest_route=\/wp\/v2\/posts"}],"about":[{"href":"https:\/\/archive.sana.sy\/es\/index.php?rest_route=\/wp\/v2\/types\/post"}],"author":[{"embeddable":true,"href":"https:\/\/archive.sana.sy\/es\/index.php?rest_route=\/wp\/v2\/users\/32"}],"replies":[{"embeddable":true,"href":"https:\/\/archive.sana.sy\/es\/index.php?rest_route=%2Fwp%2Fv2%2Fcomments&post=296660"}],"version-history":[{"count":1,"href":"https:\/\/archive.sana.sy\/es\/index.php?rest_route=\/wp\/v2\/posts\/296660\/revisions"}],"predecessor-version":[{"id":296662,"href":"https:\/\/archive.sana.sy\/es\/index.php?rest_route=\/wp\/v2\/posts\/296660\/revisions\/296662"}],"wp:featuredmedia":[{"embeddable":true,"href":"https:\/\/archive.sana.sy\/es\/index.php?rest_route=\/wp\/v2\/media\/296661"}],"wp:attachment":[{"href":"https:\/\/archive.sana.sy\/es\/index.php?rest_route=%2Fwp%2Fv2%2Fmedia&parent=296660"}],"wp:term":[{"taxonomy":"category","embeddable":true,"href":"https:\/\/archive.sana.sy\/es\/index.php?rest_route=%2Fwp%2Fv2%2Fcategories&post=296660"},{"taxonomy":"post_tag","embeddable":true,"href":"https:\/\/archive.sana.sy\/es\/index.php?rest_route=%2Fwp%2Fv2%2Ftags&post=296660"}],"curies":[{"name":"wp","href":"https:\/\/api.w.org\/{rel}","templated":true}]}}