{"id":296682,"date":"2023-05-08T14:38:27","date_gmt":"2023-05-08T11:38:27","guid":{"rendered":"http:\/\/sana.sy\/es\/?p=296682"},"modified":"2023-05-08T14:38:27","modified_gmt":"2023-05-08T11:38:27","slug":"china-elogia-decision-del-regreso-de-siria-a-la-liga-arabe","status":"publish","type":"post","link":"https:\/\/archive.sana.sy\/es\/?p=296682","title":{"rendered":"China elogia decisi\u00f3n del regreso de Siria a la Liga \u00c1rabe"},"content":{"rendered":"<blockquote>\n<p style=\"text-align: justify;\"><span style=\"color: #993300;\">El portavoz del Ministerio de Exteriores de China, Wang Wenbin, dijo en una rueda de prensa que Beijing felicita al gobierno sirio por esta iniciativa, as\u00ed como apoya la solidaridad \u00e1rabe y continuar\u00e1 haciendo esfuerzos incansables para lograr este objetivo.<\/span><\/p>\n<\/blockquote>\n<p style=\"text-align: justify;\">\n<span style=\"color: #800000;\"><strong>Beijing, 8 may (SANA)\u00a0<\/strong> <\/span>\u00a0China acogi\u00f3 con benepl\u00e1cito el regreso de Siria a la Liga \u00c1rabe y consider\u00f3 que esta decisi\u00f3n contribuir\u00e1 a fortalecer la unidad y la auto dependencia en el mundo \u00e1rabe, y la paz y la estabilidad en el Medio Oriente.<\/p>\n<p style=\"text-align: justify;\">El portavoz del Ministerio de Exteriores de China, Wang Wenbin, dijo en una rueda de prensa que Beijing felicita al gobierno sirio por esta iniciativa, as\u00ed como apoya la solidaridad \u00e1rabe y continuar\u00e1 haciendo esfuerzos incansables para lograr este objetivo.<\/p>\n<p style=\"text-align: justify;\">El Consejo de la Liga de Estados \u00c1rabes celebrado a nivel ministerial decidi\u00f3 la reanudaci\u00f3n de la participaci\u00f3n de delegaciones del Gobierno de la Rep\u00fablica \u00c1rabe Siria en las reuniones del Consejo de la Liga de los Estados \u00c1rabes, y todas sus organizaciones y agencias afiliadas, a partir del 7 de mayo de 2023.<\/p>\n<p style=\"text-align: justify;\">fm\/ed<\/p>\n","protected":false},"excerpt":{"rendered":"<p>El portavoz del Ministerio de Exteriores de China, Wang Wenbin, dijo en una rueda de prensa que Beijing felicita al gobierno sirio por esta iniciativa, as\u00ed como apoya la solidaridad \u00e1rabe y continuar\u00e1 haciendo esfuerzos incansables para lograr este objetivo. Beijing, 8 may (SANA)\u00a0 \u00a0China acogi\u00f3 con benepl\u00e1cito el regreso de Siria a la Liga &hellip;<\/p>\n","protected":false},"author":32,"featured_media":296684,"comment_status":"closed","ping_status":"closed","sticky":false,"template":"","format":"standard","meta":{"footnotes":""},"categories":[477,597,467,7541],"tags":[],"class_list":["post-296682","post","type-post","status-publish","format-standard","has-post-thumbnail","","category-noticias-edulcorantes","category-cinta-de-noticias","category-siria-y-el-mundo","category-ultimas-noticias"],"_links":{"self":[{"href":"https:\/\/archive.sana.sy\/es\/index.php?rest_route=\/wp\/v2\/posts\/296682"}],"collection":[{"href":"https:\/\/archive.sana.sy\/es\/index.php?rest_route=\/wp\/v2\/posts"}],"about":[{"href":"https:\/\/archive.sana.sy\/es\/index.php?rest_route=\/wp\/v2\/types\/post"}],"author":[{"embeddable":true,"href":"https:\/\/archive.sana.sy\/es\/index.php?rest_route=\/wp\/v2\/users\/32"}],"replies":[{"embeddable":true,"href":"https:\/\/archive.sana.sy\/es\/index.php?rest_route=%2Fwp%2Fv2%2Fcomments&post=296682"}],"version-history":[{"count":1,"href":"https:\/\/archive.sana.sy\/es\/index.php?rest_route=\/wp\/v2\/posts\/296682\/revisions"}],"predecessor-version":[{"id":296685,"href":"https:\/\/archive.sana.sy\/es\/index.php?rest_route=\/wp\/v2\/posts\/296682\/revisions\/296685"}],"wp:featuredmedia":[{"embeddable":true,"href":"https:\/\/archive.sana.sy\/es\/index.php?rest_route=\/wp\/v2\/media\/296684"}],"wp:attachment":[{"href":"https:\/\/archive.sana.sy\/es\/index.php?rest_route=%2Fwp%2Fv2%2Fmedia&parent=296682"}],"wp:term":[{"taxonomy":"category","embeddable":true,"href":"https:\/\/archive.sana.sy\/es\/index.php?rest_route=%2Fwp%2Fv2%2Fcategories&post=296682"},{"taxonomy":"post_tag","embeddable":true,"href":"https:\/\/archive.sana.sy\/es\/index.php?rest_route=%2Fwp%2Fv2%2Ftags&post=296682"}],"curies":[{"name":"wp","href":"https:\/\/api.w.org\/{rel}","templated":true}]}}