{"id":296699,"date":"2023-05-08T15:17:42","date_gmt":"2023-05-08T12:17:42","guid":{"rendered":"http:\/\/sana.sy\/es\/?p=296699"},"modified":"2023-05-08T15:17:42","modified_gmt":"2023-05-08T12:17:42","slug":"zelenski-sustituye-el-dia-de-la-victoria-por-el-dia-de-europa","status":"publish","type":"post","link":"https:\/\/archive.sana.sy\/es\/?p=296699","title":{"rendered":"Zelenski sustituye el D\u00eda de la Victoria por el &#8220;D\u00eda de Europa&#8221;"},"content":{"rendered":"<p style=\"text-align: justify;\"><span style=\"color: #800000;\"><strong>Mosc\u00fa, 8 may (SANA)\u00a0<\/strong><\/span> \u00a0El presidente de Ucrania, Vlad\u00edmir Zelenski, firm\u00f3 un decreto que estipula el 9 de mayo se celebrar\u00e1 el D\u00eda de Europa, en lugar del D\u00eda de la Victoria sobre las tropas hitlerianas en la Gran Guerra Patria (1941-1945) que se celebra en las rep\u00fablicas que formaron parte de la antigua URSS.<\/p>\n<p style=\"text-align: justify;\">Seg\u00fan public\u00f3 el sitio web RT, Zelenski indic\u00f3 que con la introducci\u00f3n del D\u00eda de Europa se busca &#8220;fortalecer la unidad&#8221; con los pueblos del Viejo Continente y &#8220;demostrar el compromiso con los ideales y valores de la democracia&#8221;.<\/p>\n<p style=\"text-align: justify;\">Por otra parte, el mandatario elev\u00f3 un proyecto de ley al Parlamento que propone declarar el 8 de mayo como D\u00eda del Recuerdo y la Victoria sobre el nazismo en la Segunda Guerra Mundial.<\/p>\n<p style=\"text-align: justify;\">fm\/ed<\/p>\n","protected":false},"excerpt":{"rendered":"<p>Mosc\u00fa, 8 may (SANA)\u00a0 \u00a0El presidente de Ucrania, Vlad\u00edmir Zelenski, firm\u00f3 un decreto que estipula el 9 de mayo se celebrar\u00e1 el D\u00eda de Europa, en lugar del D\u00eda de la Victoria sobre las tropas hitlerianas en la Gran Guerra Patria (1941-1945) que se celebra en las rep\u00fablicas que formaron parte de la antigua URSS. &hellip;<\/p>\n","protected":false},"author":32,"featured_media":296700,"comment_status":"closed","ping_status":"closed","sticky":false,"template":"","format":"standard","meta":{"footnotes":""},"categories":[597,456,16687],"tags":[],"class_list":["post-296699","post","type-post","status-publish","format-standard","has-post-thumbnail","","category-cinta-de-noticias","category-arabe-internacional-politica","category-internacionales"],"_links":{"self":[{"href":"https:\/\/archive.sana.sy\/es\/index.php?rest_route=\/wp\/v2\/posts\/296699"}],"collection":[{"href":"https:\/\/archive.sana.sy\/es\/index.php?rest_route=\/wp\/v2\/posts"}],"about":[{"href":"https:\/\/archive.sana.sy\/es\/index.php?rest_route=\/wp\/v2\/types\/post"}],"author":[{"embeddable":true,"href":"https:\/\/archive.sana.sy\/es\/index.php?rest_route=\/wp\/v2\/users\/32"}],"replies":[{"embeddable":true,"href":"https:\/\/archive.sana.sy\/es\/index.php?rest_route=%2Fwp%2Fv2%2Fcomments&post=296699"}],"version-history":[{"count":1,"href":"https:\/\/archive.sana.sy\/es\/index.php?rest_route=\/wp\/v2\/posts\/296699\/revisions"}],"predecessor-version":[{"id":296701,"href":"https:\/\/archive.sana.sy\/es\/index.php?rest_route=\/wp\/v2\/posts\/296699\/revisions\/296701"}],"wp:featuredmedia":[{"embeddable":true,"href":"https:\/\/archive.sana.sy\/es\/index.php?rest_route=\/wp\/v2\/media\/296700"}],"wp:attachment":[{"href":"https:\/\/archive.sana.sy\/es\/index.php?rest_route=%2Fwp%2Fv2%2Fmedia&parent=296699"}],"wp:term":[{"taxonomy":"category","embeddable":true,"href":"https:\/\/archive.sana.sy\/es\/index.php?rest_route=%2Fwp%2Fv2%2Fcategories&post=296699"},{"taxonomy":"post_tag","embeddable":true,"href":"https:\/\/archive.sana.sy\/es\/index.php?rest_route=%2Fwp%2Fv2%2Ftags&post=296699"}],"curies":[{"name":"wp","href":"https:\/\/api.w.org\/{rel}","templated":true}]}}