{"id":296702,"date":"2023-05-08T15:27:45","date_gmt":"2023-05-08T12:27:45","guid":{"rendered":"http:\/\/sana.sy\/es\/?p=296702"},"modified":"2023-05-08T15:53:06","modified_gmt":"2023-05-08T12:53:06","slug":"kiev-quiere-matar-a-rusos-en-cualquier-parte-del-mundo-y-el-kremlin-responde","status":"publish","type":"post","link":"https:\/\/archive.sana.sy\/es\/?p=296702","title":{"rendered":"Kiev quiere matar a rusos en cualquier parte del mundo y el Kremlin responde"},"content":{"rendered":"<p style=\"text-align: justify;\"><span style=\"color: #800000;\"><strong>Mosc\u00fa, 8 may (SANA)<\/strong><\/span>\u00a0 \u00a0El portavoz presidencial ruso, Dmitri Peskov, tild\u00f3 de &#8220;monstruosas&#8221; las recientes declaraciones del jefe de la inteligencia militar ucraniana, Kiril Bud\u00e1nov, quien prometi\u00f3 que las fuerzas de Kiev &#8220;seguir\u00e1n matando a rusos&#8221; en cualquier parte del mundo &#8220;hasta la victoria completa&#8221; de su pa\u00eds.<\/p>\n<p style=\"text-align: justify;\">&#8220;Esta declaraci\u00f3n del se\u00f1or Bud\u00e1nov es una prueba directa de que el r\u00e9gimen de Kiev no solo financia la actividad terrorista, sino que es el organizador directo de tales actos&#8221;, se\u00f1al\u00f3 el vocero en rueda de prensa, citado por RT.<\/p>\n<p style=\"text-align: justify;\">Adem\u00e1s, subray\u00f3 que el comentario del jefe de la inteligencia militar ucraniana &#8220;demuestra una vez m\u00e1s lo acertado que fue la decisi\u00f3n&#8221; de lanzar el operativo en Ucrania.<\/p>\n<p style=\"text-align: justify;\">fm\/ed<\/p>\n","protected":false},"excerpt":{"rendered":"<p>Mosc\u00fa, 8 may (SANA)\u00a0 \u00a0El portavoz presidencial ruso, Dmitri Peskov, tild\u00f3 de &#8220;monstruosas&#8221; las recientes declaraciones del jefe de la inteligencia militar ucraniana, Kiril Bud\u00e1nov, quien prometi\u00f3 que las fuerzas de Kiev &#8220;seguir\u00e1n matando a rusos&#8221; en cualquier parte del mundo &#8220;hasta la victoria completa&#8221; de su pa\u00eds. &#8220;Esta declaraci\u00f3n del se\u00f1or Bud\u00e1nov es una &hellip;<\/p>\n","protected":false},"author":32,"featured_media":296703,"comment_status":"closed","ping_status":"closed","sticky":false,"template":"","format":"standard","meta":{"footnotes":""},"categories":[597,456,16687,7541],"tags":[],"class_list":["post-296702","post","type-post","status-publish","format-standard","has-post-thumbnail","","category-cinta-de-noticias","category-arabe-internacional-politica","category-internacionales","category-ultimas-noticias"],"_links":{"self":[{"href":"https:\/\/archive.sana.sy\/es\/index.php?rest_route=\/wp\/v2\/posts\/296702"}],"collection":[{"href":"https:\/\/archive.sana.sy\/es\/index.php?rest_route=\/wp\/v2\/posts"}],"about":[{"href":"https:\/\/archive.sana.sy\/es\/index.php?rest_route=\/wp\/v2\/types\/post"}],"author":[{"embeddable":true,"href":"https:\/\/archive.sana.sy\/es\/index.php?rest_route=\/wp\/v2\/users\/32"}],"replies":[{"embeddable":true,"href":"https:\/\/archive.sana.sy\/es\/index.php?rest_route=%2Fwp%2Fv2%2Fcomments&post=296702"}],"version-history":[{"count":1,"href":"https:\/\/archive.sana.sy\/es\/index.php?rest_route=\/wp\/v2\/posts\/296702\/revisions"}],"predecessor-version":[{"id":296704,"href":"https:\/\/archive.sana.sy\/es\/index.php?rest_route=\/wp\/v2\/posts\/296702\/revisions\/296704"}],"wp:featuredmedia":[{"embeddable":true,"href":"https:\/\/archive.sana.sy\/es\/index.php?rest_route=\/wp\/v2\/media\/296703"}],"wp:attachment":[{"href":"https:\/\/archive.sana.sy\/es\/index.php?rest_route=%2Fwp%2Fv2%2Fmedia&parent=296702"}],"wp:term":[{"taxonomy":"category","embeddable":true,"href":"https:\/\/archive.sana.sy\/es\/index.php?rest_route=%2Fwp%2Fv2%2Fcategories&post=296702"},{"taxonomy":"post_tag","embeddable":true,"href":"https:\/\/archive.sana.sy\/es\/index.php?rest_route=%2Fwp%2Fv2%2Ftags&post=296702"}],"curies":[{"name":"wp","href":"https:\/\/api.w.org\/{rel}","templated":true}]}}