{"id":296714,"date":"2023-05-08T17:35:54","date_gmt":"2023-05-08T14:35:54","guid":{"rendered":"http:\/\/sana.sy\/es\/?p=296714"},"modified":"2023-05-08T17:35:54","modified_gmt":"2023-05-08T14:35:54","slug":"cuba-acoge-con-beneplacito-la-readmision-de-siria-en-la-liga-arabe","status":"publish","type":"post","link":"https:\/\/archive.sana.sy\/es\/?p=296714","title":{"rendered":"Cuba acoge con benepl\u00e1cito la readmisi\u00f3n de Siria en la Liga \u00c1rabe"},"content":{"rendered":"<blockquote><p><span style=\"color: #993300;\">&#8220;Felicito al hermano pueblo sirio y a su gobierno, por haber logrado la plena reintegraci\u00f3n regional&#8221;, escribi\u00f3 el canciller de la isla Bruno Rodr\u00edguez Parilla en su cuenta en Twitter.<\/span><\/p><\/blockquote>\n<p style=\"text-align: justify;\"><span style=\"color: #800000;\"><strong>La Habana, 8 may (SANA)<\/strong> <\/span>El Ministro de Relaciones Exteriores de Cuba, Bruno Rodr\u00edguez Parilla, anunci\u00f3 hoy que su pa\u00eds acoge bien la decisi\u00f3n de los cancilleres \u00e1rabes de devolverle a Siria su asiento en la Liga de Estados \u00c1rabes.<\/p>\n<p style=\"text-align: justify;\">\u201cAcogemos con benepl\u00e1cito la decisi\u00f3n de la Liga de Estados \u00c1rabes de readmitir en la organizaci\u00f3n a la Rep\u00fablica \u00c1rabe Siria\u201d, escribi\u00f3 el Canciller en su cuenta en Twitter.<\/p>\n<p style=\"text-align: justify;\">Felicit\u00f3 \u201cal hermano pueblo sirio y a su gobierno, por haber logrado la plena reintegraci\u00f3n regional\u201d.<\/p>\n<p style=\"text-align: justify;\">El Consejo de la Liga de Estados \u00c1rabes celebrado a nivel ministerial en El Cairo decidi\u00f3 la reanudaci\u00f3n de la participaci\u00f3n de delegaciones del Gobierno de la Rep\u00fablica \u00c1rabe Siria en las reuniones del Consejo de la Liga de los Estados \u00c1rabes, y todas sus organizaciones y agencias afiliadas, a partir de este 7 de mayo de 2023.<\/p>\n<p>&nbsp;<\/p>\n<p>fm\/mm<\/p>\n","protected":false},"excerpt":{"rendered":"<p>&#8220;Felicito al hermano pueblo sirio y a su gobierno, por haber logrado la plena reintegraci\u00f3n regional&#8221;, escribi\u00f3 el canciller de la isla Bruno Rodr\u00edguez Parilla en su cuenta en Twitter. La Habana, 8 may (SANA) El Ministro de Relaciones Exteriores de Cuba, Bruno Rodr\u00edguez Parilla, anunci\u00f3 hoy que su pa\u00eds acoge bien la decisi\u00f3n de &hellip;<\/p>\n","protected":false},"author":36,"featured_media":296715,"comment_status":"closed","ping_status":"closed","sticky":false,"template":"","format":"standard","meta":{"footnotes":""},"categories":[597,20724,467,7541],"tags":[22046,6868],"class_list":["post-296714","post","type-post","status-publish","format-standard","has-post-thumbnail","","category-cinta-de-noticias","category-minuto-a-minuto","category-siria-y-el-mundo","category-ultimas-noticias","tag-bruno-rodriguez-parill","tag-cuba"],"_links":{"self":[{"href":"https:\/\/archive.sana.sy\/es\/index.php?rest_route=\/wp\/v2\/posts\/296714"}],"collection":[{"href":"https:\/\/archive.sana.sy\/es\/index.php?rest_route=\/wp\/v2\/posts"}],"about":[{"href":"https:\/\/archive.sana.sy\/es\/index.php?rest_route=\/wp\/v2\/types\/post"}],"author":[{"embeddable":true,"href":"https:\/\/archive.sana.sy\/es\/index.php?rest_route=\/wp\/v2\/users\/36"}],"replies":[{"embeddable":true,"href":"https:\/\/archive.sana.sy\/es\/index.php?rest_route=%2Fwp%2Fv2%2Fcomments&post=296714"}],"version-history":[{"count":1,"href":"https:\/\/archive.sana.sy\/es\/index.php?rest_route=\/wp\/v2\/posts\/296714\/revisions"}],"predecessor-version":[{"id":296716,"href":"https:\/\/archive.sana.sy\/es\/index.php?rest_route=\/wp\/v2\/posts\/296714\/revisions\/296716"}],"wp:featuredmedia":[{"embeddable":true,"href":"https:\/\/archive.sana.sy\/es\/index.php?rest_route=\/wp\/v2\/media\/296715"}],"wp:attachment":[{"href":"https:\/\/archive.sana.sy\/es\/index.php?rest_route=%2Fwp%2Fv2%2Fmedia&parent=296714"}],"wp:term":[{"taxonomy":"category","embeddable":true,"href":"https:\/\/archive.sana.sy\/es\/index.php?rest_route=%2Fwp%2Fv2%2Fcategories&post=296714"},{"taxonomy":"post_tag","embeddable":true,"href":"https:\/\/archive.sana.sy\/es\/index.php?rest_route=%2Fwp%2Fv2%2Ftags&post=296714"}],"curies":[{"name":"wp","href":"https:\/\/api.w.org\/{rel}","templated":true}]}}