{"id":296717,"date":"2023-05-08T21:01:14","date_gmt":"2023-05-08T18:01:14","guid":{"rendered":"http:\/\/sana.sy\/es\/?p=296717"},"modified":"2023-05-20T18:50:56","modified_gmt":"2023-05-20T15:50:56","slug":"presidentes-de-siria-y-argelia-abogan-por-fortalecer-accion-arabe-conjunta","status":"publish","type":"post","link":"https:\/\/archive.sana.sy\/es\/?p=296717","title":{"rendered":"Presidentes de Siria y Argelia abogan por fortalecer acci\u00f3n \u00e1rabe conjunta"},"content":{"rendered":"<p style=\"text-align: justify;\"><span style=\"color: #800000;\"><strong>Damasco, 8 may (SANA)<\/strong><\/span> El presidente Bashar al-Assad sostuvo este lunes una llamada telef\u00f3nica con el presidente argelino Abdelmadjid Tebboune.<\/p>\n<p style=\"text-align: justify;\">Durante la conversaci\u00f3n, se abordaron los avances positivos en torno a las relaciones \u00e1rabe-\u00e1rabes y las formas de mejorarlas bilateral y colectivamente.<\/p>\n<p style=\"text-align: justify;\">Los dos presidentes destacaron importancia de los reciente avances que se est\u00e1n produciendo en el \u00e1mbito \u00e1rabe y su impacto esperado en la activaci\u00f3n del trabajo, as\u00ed como\u00a0 la cooperaci\u00f3n entre los pa\u00edses \u00e1rabes a fin de servir a los intereses comunes de estos pa\u00edses y sus pueblos.<\/p>\n<p style=\"text-align: justify;\">Asimismo, el presidente al-Assad se refiri\u00f3 al papel pan\u00e1rabe de Argelia y lo que est\u00e1 haciendo por el bien de la reunificaci\u00f3n \u00e1rabe.<\/p>\n<p style=\"text-align: justify;\">En otra parte de su conversaci\u00f3n, los dos mandatarios discutieron la coordinaci\u00f3n efectiva y la cooperaci\u00f3n de alto nivel entre Siria y Argelia, donde el presidente al-Assad se refiri\u00f3 a las posiciones de apoyo firmes de Argelia al pueblo sirio durante los a\u00f1os de guerra.<\/p>\n<p style=\"text-align: justify;\">Cabe se\u00f1alar que el Consejo de la Liga de Estados \u00c1rabes celebrado a nivel ministerial decidi\u00f3 ayer la reanudaci\u00f3n de la participaci\u00f3n de delegaciones del Gobierno de la Rep\u00fablica \u00c1rabe Siria en las reuniones del Consejo de la Liga de los Estados \u00c1rabes, y todas sus organizaciones y agencias afiliadas.<\/p>\n<p>mm<\/p>\n","protected":false},"excerpt":{"rendered":"<p>Damasco, 8 may (SANA) El presidente Bashar al-Assad sostuvo este lunes una llamada telef\u00f3nica con el presidente argelino Abdelmadjid Tebboune. Durante la conversaci\u00f3n, se abordaron los avances positivos en torno a las relaciones \u00e1rabe-\u00e1rabes y las formas de mejorarlas bilateral y colectivamente. Los dos presidentes destacaron importancia de los reciente avances que se est\u00e1n produciendo &hellip;<\/p>\n","protected":false},"author":36,"featured_media":296718,"comment_status":"closed","ping_status":"closed","sticky":false,"template":"","format":"standard","meta":{"footnotes":""},"categories":[597,20724,16237,467,583],"tags":[22047],"class_list":["post-296717","post","type-post","status-publish","format-standard","has-post-thumbnail","","category-cinta-de-noticias","category-minuto-a-minuto","category-presidence-de-la-republique-arabe-syria","category-siria-y-el-mundo","category-slide","tag-presidentes-de-siria-y-argelia"],"_links":{"self":[{"href":"https:\/\/archive.sana.sy\/es\/index.php?rest_route=\/wp\/v2\/posts\/296717"}],"collection":[{"href":"https:\/\/archive.sana.sy\/es\/index.php?rest_route=\/wp\/v2\/posts"}],"about":[{"href":"https:\/\/archive.sana.sy\/es\/index.php?rest_route=\/wp\/v2\/types\/post"}],"author":[{"embeddable":true,"href":"https:\/\/archive.sana.sy\/es\/index.php?rest_route=\/wp\/v2\/users\/36"}],"replies":[{"embeddable":true,"href":"https:\/\/archive.sana.sy\/es\/index.php?rest_route=%2Fwp%2Fv2%2Fcomments&post=296717"}],"version-history":[{"count":3,"href":"https:\/\/archive.sana.sy\/es\/index.php?rest_route=\/wp\/v2\/posts\/296717\/revisions"}],"predecessor-version":[{"id":296721,"href":"https:\/\/archive.sana.sy\/es\/index.php?rest_route=\/wp\/v2\/posts\/296717\/revisions\/296721"}],"wp:featuredmedia":[{"embeddable":true,"href":"https:\/\/archive.sana.sy\/es\/index.php?rest_route=\/wp\/v2\/media\/296718"}],"wp:attachment":[{"href":"https:\/\/archive.sana.sy\/es\/index.php?rest_route=%2Fwp%2Fv2%2Fmedia&parent=296717"}],"wp:term":[{"taxonomy":"category","embeddable":true,"href":"https:\/\/archive.sana.sy\/es\/index.php?rest_route=%2Fwp%2Fv2%2Fcategories&post=296717"},{"taxonomy":"post_tag","embeddable":true,"href":"https:\/\/archive.sana.sy\/es\/index.php?rest_route=%2Fwp%2Fv2%2Ftags&post=296717"}],"curies":[{"name":"wp","href":"https:\/\/api.w.org\/{rel}","templated":true}]}}