{"id":296741,"date":"2023-05-08T19:38:00","date_gmt":"2023-05-08T16:38:00","guid":{"rendered":"http:\/\/sana.sy\/es\/?p=296741"},"modified":"2023-05-08T19:38:00","modified_gmt":"2023-05-08T16:38:00","slug":"venezuela-celebra-regreso-de-siria-a-la-liga-arabe","status":"publish","type":"post","link":"https:\/\/archive.sana.sy\/es\/?p=296741","title":{"rendered":"Venezuela celebra regreso de Siria a la Liga \u00c1rabe"},"content":{"rendered":"<p style=\"text-align: justify;\"><span style=\"color: #800000;\"><strong>Caracas, 8 may (SANA)<\/strong><\/span> \u201cEl Gobierno de la Rep\u00fablica Bolivariana de Venezuela celebra la decisi\u00f3n de los Cancilleres de la Liga \u00c1rabe reunidos en Egipto por el regreso de la Rep\u00fablica \u00c1rabe Siria a esta organizaci\u00f3n\u201d. As\u00ed lo manifest\u00f3 el canciller Iv\u00e1n Gil, en su cuenta de la red social Twitter este lunes.<\/p>\n<p style=\"text-align: justify;\">Tambi\u00e9n destac\u00f3 que \u201cVenezuela saluda y celebra una vez m\u00e1s el uso de los instrumentos diplom\u00e1ticos para fortalecer las negociaciones en pro del beneficio de las naciones, la paz y la estabilidad de la regi\u00f3n\u201d.<\/p>\n<p style=\"text-align: justify;\">Anteriormente, el Ministro de Relaciones Exteriores de Cuba, Bruno Rodr\u00edguez Parilla, anunci\u00f3 hoy que su pa\u00eds acoge bien la decisi\u00f3n de los cancilleres \u00e1rabes de devolverle a Siria su asiento en la Liga de Estados \u00c1rabes.<\/p>\n<p style=\"text-align: justify;\">\u201cAcogemos con benepl\u00e1cito la decisi\u00f3n de la Liga de Estados \u00c1rabes de readmitir en la organizaci\u00f3n a la Rep\u00fablica \u00c1rabe Siria\u201d, escribi\u00f3 el Canciller en su cuenta en Twitter.<\/p>\n<p style=\"text-align: justify;\">El Consejo de la Liga de Estados \u00c1rabes celebrado a nivel ministerial en El Cairo decidi\u00f3 la reanudaci\u00f3n de la participaci\u00f3n de delegaciones del Gobierno de la Rep\u00fablica \u00c1rabe Siria en las reuniones del Consejo de la Liga de los Estados \u00c1rabes, y todas sus organizaciones y agencias afiliadas, a partir de este 7 de mayo de 2023.<\/p>\n<p>mm<\/p>\n","protected":false},"excerpt":{"rendered":"<p>Caracas, 8 may (SANA) \u201cEl Gobierno de la Rep\u00fablica Bolivariana de Venezuela celebra la decisi\u00f3n de los Cancilleres de la Liga \u00c1rabe reunidos en Egipto por el regreso de la Rep\u00fablica \u00c1rabe Siria a esta organizaci\u00f3n\u201d. As\u00ed lo manifest\u00f3 el canciller Iv\u00e1n Gil, en su cuenta de la red social Twitter este lunes. Tambi\u00e9n destac\u00f3 &hellip;<\/p>\n","protected":false},"author":36,"featured_media":296743,"comment_status":"closed","ping_status":"closed","sticky":false,"template":"","format":"standard","meta":{"footnotes":""},"categories":[597,20724,467,7541],"tags":[8881],"class_list":["post-296741","post","type-post","status-publish","format-standard","has-post-thumbnail","","category-cinta-de-noticias","category-minuto-a-minuto","category-siria-y-el-mundo","category-ultimas-noticias","tag-venezuela"],"_links":{"self":[{"href":"https:\/\/archive.sana.sy\/es\/index.php?rest_route=\/wp\/v2\/posts\/296741"}],"collection":[{"href":"https:\/\/archive.sana.sy\/es\/index.php?rest_route=\/wp\/v2\/posts"}],"about":[{"href":"https:\/\/archive.sana.sy\/es\/index.php?rest_route=\/wp\/v2\/types\/post"}],"author":[{"embeddable":true,"href":"https:\/\/archive.sana.sy\/es\/index.php?rest_route=\/wp\/v2\/users\/36"}],"replies":[{"embeddable":true,"href":"https:\/\/archive.sana.sy\/es\/index.php?rest_route=%2Fwp%2Fv2%2Fcomments&post=296741"}],"version-history":[{"count":1,"href":"https:\/\/archive.sana.sy\/es\/index.php?rest_route=\/wp\/v2\/posts\/296741\/revisions"}],"predecessor-version":[{"id":296744,"href":"https:\/\/archive.sana.sy\/es\/index.php?rest_route=\/wp\/v2\/posts\/296741\/revisions\/296744"}],"wp:featuredmedia":[{"embeddable":true,"href":"https:\/\/archive.sana.sy\/es\/index.php?rest_route=\/wp\/v2\/media\/296743"}],"wp:attachment":[{"href":"https:\/\/archive.sana.sy\/es\/index.php?rest_route=%2Fwp%2Fv2%2Fmedia&parent=296741"}],"wp:term":[{"taxonomy":"category","embeddable":true,"href":"https:\/\/archive.sana.sy\/es\/index.php?rest_route=%2Fwp%2Fv2%2Fcategories&post=296741"},{"taxonomy":"post_tag","embeddable":true,"href":"https:\/\/archive.sana.sy\/es\/index.php?rest_route=%2Fwp%2Fv2%2Ftags&post=296741"}],"curies":[{"name":"wp","href":"https:\/\/api.w.org\/{rel}","templated":true}]}}