{"id":296747,"date":"2023-05-08T20:14:14","date_gmt":"2023-05-08T17:14:14","guid":{"rendered":"http:\/\/sana.sy\/es\/?p=296747"},"modified":"2023-05-08T20:15:29","modified_gmt":"2023-05-08T17:15:29","slug":"la-cueva-de-moises-en-damasco-es-un-destino-turistico-con-estilo-arquitectonico-unico","status":"publish","type":"post","link":"https:\/\/archive.sana.sy\/es\/?p=296747","title":{"rendered":"La Cueva de Mois\u00e9s en Damasco es un destino tur\u00edstico con estilo arquitect\u00f3nico \u00fanico (fotos)"},"content":{"rendered":"<p><span style=\"color: #800000;\"><strong>Damasco, 08 may (SANA)<\/strong><\/span><\/p>\n<div id='gallery-1' class='gallery galleryid-296747 gallery-columns-1 gallery-size-full'><figure class='gallery-item'>\n\t\t\t<div class='gallery-icon landscape'>\n\t\t\t\t<a href='https:\/\/archive.sana.sy\/es\/?attachment_id=296750'><img loading=\"lazy\" decoding=\"async\" width=\"660\" height=\"440\" src=\"https:\/\/archive.sana.sy\/es\/wp-content\/uploads\/2023\/05\/Cueva-Moises-Damasco-destino-turistico-estilo-arquitectonico-unico-1.jpg\" class=\"attachment-full size-full\" alt=\"\" srcset=\"https:\/\/archive.sana.sy\/es\/wp-content\/uploads\/2023\/05\/Cueva-Moises-Damasco-destino-turistico-estilo-arquitectonico-unico-1.jpg 660w, https:\/\/archive.sana.sy\/es\/wp-content\/uploads\/2023\/05\/Cueva-Moises-Damasco-destino-turistico-estilo-arquitectonico-unico-1-300x200.jpg 300w, https:\/\/archive.sana.sy\/es\/wp-content\/uploads\/2023\/05\/Cueva-Moises-Damasco-destino-turistico-estilo-arquitectonico-unico-1-150x100.jpg 150w\" sizes=\"(max-width: 660px) 100vw, 660px\" \/><\/a>\n\t\t\t<\/div><\/figure><figure class='gallery-item'>\n\t\t\t<div class='gallery-icon landscape'>\n\t\t\t\t<a href='https:\/\/archive.sana.sy\/es\/?attachment_id=296764'><img loading=\"lazy\" decoding=\"async\" width=\"660\" height=\"440\" src=\"https:\/\/archive.sana.sy\/es\/wp-content\/uploads\/2023\/05\/Cueva-Moises-Damasco-destino-turistico-estilo-arquitectonico-unico-20.jpg\" class=\"attachment-full size-full\" alt=\"\" srcset=\"https:\/\/archive.sana.sy\/es\/wp-content\/uploads\/2023\/05\/Cueva-Moises-Damasco-destino-turistico-estilo-arquitectonico-unico-20.jpg 660w, https:\/\/archive.sana.sy\/es\/wp-content\/uploads\/2023\/05\/Cueva-Moises-Damasco-destino-turistico-estilo-arquitectonico-unico-20-300x200.jpg 300w, https:\/\/archive.sana.sy\/es\/wp-content\/uploads\/2023\/05\/Cueva-Moises-Damasco-destino-turistico-estilo-arquitectonico-unico-20-150x100.jpg 150w\" sizes=\"(max-width: 660px) 100vw, 660px\" \/><\/a>\n\t\t\t<\/div><\/figure><figure class='gallery-item'>\n\t\t\t<div class='gallery-icon landscape'>\n\t\t\t\t<a href='https:\/\/archive.sana.sy\/es\/?attachment_id=296763'><img loading=\"lazy\" decoding=\"async\" width=\"660\" height=\"440\" src=\"https:\/\/archive.sana.sy\/es\/wp-content\/uploads\/2023\/05\/Cueva-Moises-Damasco-destino-turistico-estilo-arquitectonico-unico-19.jpg\" class=\"attachment-full size-full\" alt=\"\" srcset=\"https:\/\/archive.sana.sy\/es\/wp-content\/uploads\/2023\/05\/Cueva-Moises-Damasco-destino-turistico-estilo-arquitectonico-unico-19.jpg 660w, https:\/\/archive.sana.sy\/es\/wp-content\/uploads\/2023\/05\/Cueva-Moises-Damasco-destino-turistico-estilo-arquitectonico-unico-19-300x200.jpg 300w, https:\/\/archive.sana.sy\/es\/wp-content\/uploads\/2023\/05\/Cueva-Moises-Damasco-destino-turistico-estilo-arquitectonico-unico-19-150x100.jpg 150w\" sizes=\"(max-width: 660px) 100vw, 660px\" \/><\/a>\n\t\t\t<\/div><\/figure><figure class='gallery-item'>\n\t\t\t<div class='gallery-icon landscape'>\n\t\t\t\t<a href='https:\/\/archive.sana.sy\/es\/?attachment_id=296754'><img loading=\"lazy\" decoding=\"async\" width=\"660\" height=\"439\" src=\"https:\/\/archive.sana.sy\/es\/wp-content\/uploads\/2023\/05\/Cueva-Moises-Damasco-destino-turistico-estilo-arquitectonico-unico-5.jpg\" class=\"attachment-full size-full\" alt=\"\" srcset=\"https:\/\/archive.sana.sy\/es\/wp-content\/uploads\/2023\/05\/Cueva-Moises-Damasco-destino-turistico-estilo-arquitectonico-unico-5.jpg 660w, https:\/\/archive.sana.sy\/es\/wp-content\/uploads\/2023\/05\/Cueva-Moises-Damasco-destino-turistico-estilo-arquitectonico-unico-5-300x200.jpg 300w, https:\/\/archive.sana.sy\/es\/wp-content\/uploads\/2023\/05\/Cueva-Moises-Damasco-destino-turistico-estilo-arquitectonico-unico-5-150x100.jpg 150w, https:\/\/archive.sana.sy\/es\/wp-content\/uploads\/2023\/05\/Cueva-Moises-Damasco-destino-turistico-estilo-arquitectonico-unico-5-310x205.jpg 310w\" sizes=\"(max-width: 660px) 100vw, 660px\" \/><\/a>\n\t\t\t<\/div><\/figure><figure class='gallery-item'>\n\t\t\t<div class='gallery-icon landscape'>\n\t\t\t\t<a href='https:\/\/archive.sana.sy\/es\/?attachment_id=296760'><img loading=\"lazy\" decoding=\"async\" width=\"660\" height=\"440\" src=\"https:\/\/archive.sana.sy\/es\/wp-content\/uploads\/2023\/05\/Cueva-Moises-Damasco-destino-turistico-estilo-arquitectonico-unico-16.jpg\" class=\"attachment-full size-full\" alt=\"\" srcset=\"https:\/\/archive.sana.sy\/es\/wp-content\/uploads\/2023\/05\/Cueva-Moises-Damasco-destino-turistico-estilo-arquitectonico-unico-16.jpg 660w, https:\/\/archive.sana.sy\/es\/wp-content\/uploads\/2023\/05\/Cueva-Moises-Damasco-destino-turistico-estilo-arquitectonico-unico-16-300x200.jpg 300w, https:\/\/archive.sana.sy\/es\/wp-content\/uploads\/2023\/05\/Cueva-Moises-Damasco-destino-turistico-estilo-arquitectonico-unico-16-150x100.jpg 150w\" sizes=\"(max-width: 660px) 100vw, 660px\" \/><\/a>\n\t\t\t<\/div><\/figure><figure class='gallery-item'>\n\t\t\t<div class='gallery-icon landscape'>\n\t\t\t\t<a href='https:\/\/archive.sana.sy\/es\/?attachment_id=296759'><img loading=\"lazy\" decoding=\"async\" width=\"660\" height=\"440\" src=\"https:\/\/archive.sana.sy\/es\/wp-content\/uploads\/2023\/05\/Cueva-Moises-Damasco-destino-turistico-estilo-arquitectonico-unico-15.jpg\" class=\"attachment-full size-full\" alt=\"\" srcset=\"https:\/\/archive.sana.sy\/es\/wp-content\/uploads\/2023\/05\/Cueva-Moises-Damasco-destino-turistico-estilo-arquitectonico-unico-15.jpg 660w, https:\/\/archive.sana.sy\/es\/wp-content\/uploads\/2023\/05\/Cueva-Moises-Damasco-destino-turistico-estilo-arquitectonico-unico-15-300x200.jpg 300w, https:\/\/archive.sana.sy\/es\/wp-content\/uploads\/2023\/05\/Cueva-Moises-Damasco-destino-turistico-estilo-arquitectonico-unico-15-150x100.jpg 150w\" sizes=\"(max-width: 660px) 100vw, 660px\" \/><\/a>\n\t\t\t<\/div><\/figure><figure class='gallery-item'>\n\t\t\t<div class='gallery-icon landscape'>\n\t\t\t\t<a href='https:\/\/archive.sana.sy\/es\/?attachment_id=296755'><img loading=\"lazy\" decoding=\"async\" width=\"660\" height=\"440\" src=\"https:\/\/archive.sana.sy\/es\/wp-content\/uploads\/2023\/05\/Cueva-Moises-Damasco-destino-turistico-estilo-arquitectonico-unico-6.jpg\" class=\"attachment-full size-full\" alt=\"\" srcset=\"https:\/\/archive.sana.sy\/es\/wp-content\/uploads\/2023\/05\/Cueva-Moises-Damasco-destino-turistico-estilo-arquitectonico-unico-6.jpg 660w, https:\/\/archive.sana.sy\/es\/wp-content\/uploads\/2023\/05\/Cueva-Moises-Damasco-destino-turistico-estilo-arquitectonico-unico-6-300x200.jpg 300w, https:\/\/archive.sana.sy\/es\/wp-content\/uploads\/2023\/05\/Cueva-Moises-Damasco-destino-turistico-estilo-arquitectonico-unico-6-150x100.jpg 150w\" sizes=\"(max-width: 660px) 100vw, 660px\" \/><\/a>\n\t\t\t<\/div><\/figure><figure class='gallery-item'>\n\t\t\t<div class='gallery-icon landscape'>\n\t\t\t\t<a href='https:\/\/archive.sana.sy\/es\/?attachment_id=296756'><img loading=\"lazy\" decoding=\"async\" width=\"660\" height=\"440\" src=\"https:\/\/archive.sana.sy\/es\/wp-content\/uploads\/2023\/05\/Cueva-Moises-Damasco-destino-turistico-estilo-arquitectonico-unico-7.jpg\" class=\"attachment-full size-full\" alt=\"\" srcset=\"https:\/\/archive.sana.sy\/es\/wp-content\/uploads\/2023\/05\/Cueva-Moises-Damasco-destino-turistico-estilo-arquitectonico-unico-7.jpg 660w, https:\/\/archive.sana.sy\/es\/wp-content\/uploads\/2023\/05\/Cueva-Moises-Damasco-destino-turistico-estilo-arquitectonico-unico-7-300x200.jpg 300w, https:\/\/archive.sana.sy\/es\/wp-content\/uploads\/2023\/05\/Cueva-Moises-Damasco-destino-turistico-estilo-arquitectonico-unico-7-150x100.jpg 150w\" sizes=\"(max-width: 660px) 100vw, 660px\" \/><\/a>\n\t\t\t<\/div><\/figure><figure class='gallery-item'>\n\t\t\t<div class='gallery-icon landscape'>\n\t\t\t\t<a href='https:\/\/archive.sana.sy\/es\/?attachment_id=296757'><img loading=\"lazy\" decoding=\"async\" width=\"660\" height=\"440\" src=\"https:\/\/archive.sana.sy\/es\/wp-content\/uploads\/2023\/05\/Cueva-Moises-Damasco-destino-turistico-estilo-arquitectonico-unico-8.jpg\" class=\"attachment-full size-full\" alt=\"\" srcset=\"https:\/\/archive.sana.sy\/es\/wp-content\/uploads\/2023\/05\/Cueva-Moises-Damasco-destino-turistico-estilo-arquitectonico-unico-8.jpg 660w, https:\/\/archive.sana.sy\/es\/wp-content\/uploads\/2023\/05\/Cueva-Moises-Damasco-destino-turistico-estilo-arquitectonico-unico-8-300x200.jpg 300w, https:\/\/archive.sana.sy\/es\/wp-content\/uploads\/2023\/05\/Cueva-Moises-Damasco-destino-turistico-estilo-arquitectonico-unico-8-150x100.jpg 150w\" sizes=\"(max-width: 660px) 100vw, 660px\" \/><\/a>\n\t\t\t<\/div><\/figure><figure class='gallery-item'>\n\t\t\t<div class='gallery-icon landscape'>\n\t\t\t\t<a href='https:\/\/archive.sana.sy\/es\/?attachment_id=296758'><img loading=\"lazy\" decoding=\"async\" width=\"660\" height=\"440\" src=\"https:\/\/archive.sana.sy\/es\/wp-content\/uploads\/2023\/05\/Cueva-Moises-Damasco-destino-turistico-estilo-arquitectonico-unico-9.jpg\" class=\"attachment-full size-full\" alt=\"\" srcset=\"https:\/\/archive.sana.sy\/es\/wp-content\/uploads\/2023\/05\/Cueva-Moises-Damasco-destino-turistico-estilo-arquitectonico-unico-9.jpg 660w, https:\/\/archive.sana.sy\/es\/wp-content\/uploads\/2023\/05\/Cueva-Moises-Damasco-destino-turistico-estilo-arquitectonico-unico-9-300x200.jpg 300w, https:\/\/archive.sana.sy\/es\/wp-content\/uploads\/2023\/05\/Cueva-Moises-Damasco-destino-turistico-estilo-arquitectonico-unico-9-150x100.jpg 150w\" sizes=\"(max-width: 660px) 100vw, 660px\" \/><\/a>\n\t\t\t<\/div><\/figure><figure class='gallery-item'>\n\t\t\t<div class='gallery-icon landscape'>\n\t\t\t\t<a href='https:\/\/archive.sana.sy\/es\/?attachment_id=296761'><img loading=\"lazy\" decoding=\"async\" width=\"660\" height=\"440\" src=\"https:\/\/archive.sana.sy\/es\/wp-content\/uploads\/2023\/05\/Cueva-Moises-Damasco-destino-turistico-estilo-arquitectonico-unico-17.jpg\" class=\"attachment-full size-full\" alt=\"\" srcset=\"https:\/\/archive.sana.sy\/es\/wp-content\/uploads\/2023\/05\/Cueva-Moises-Damasco-destino-turistico-estilo-arquitectonico-unico-17.jpg 660w, https:\/\/archive.sana.sy\/es\/wp-content\/uploads\/2023\/05\/Cueva-Moises-Damasco-destino-turistico-estilo-arquitectonico-unico-17-300x200.jpg 300w, https:\/\/archive.sana.sy\/es\/wp-content\/uploads\/2023\/05\/Cueva-Moises-Damasco-destino-turistico-estilo-arquitectonico-unico-17-150x100.jpg 150w\" sizes=\"(max-width: 660px) 100vw, 660px\" \/><\/a>\n\t\t\t<\/div><\/figure><figure class='gallery-item'>\n\t\t\t<div class='gallery-icon landscape'>\n\t\t\t\t<a href='https:\/\/archive.sana.sy\/es\/?attachment_id=296762'><img loading=\"lazy\" decoding=\"async\" width=\"660\" height=\"440\" src=\"https:\/\/archive.sana.sy\/es\/wp-content\/uploads\/2023\/05\/Cueva-Moises-Damasco-destino-turistico-estilo-arquitectonico-unico-18.jpg\" class=\"attachment-full size-full\" alt=\"\" srcset=\"https:\/\/archive.sana.sy\/es\/wp-content\/uploads\/2023\/05\/Cueva-Moises-Damasco-destino-turistico-estilo-arquitectonico-unico-18.jpg 660w, https:\/\/archive.sana.sy\/es\/wp-content\/uploads\/2023\/05\/Cueva-Moises-Damasco-destino-turistico-estilo-arquitectonico-unico-18-300x200.jpg 300w, https:\/\/archive.sana.sy\/es\/wp-content\/uploads\/2023\/05\/Cueva-Moises-Damasco-destino-turistico-estilo-arquitectonico-unico-18-150x100.jpg 150w\" sizes=\"(max-width: 660px) 100vw, 660px\" \/><\/a>\n\t\t\t<\/div><\/figure><figure class='gallery-item'>\n\t\t\t<div class='gallery-icon landscape'>\n\t\t\t\t<a href='https:\/\/archive.sana.sy\/es\/?attachment_id=296752'><img loading=\"lazy\" decoding=\"async\" width=\"660\" height=\"440\" src=\"https:\/\/archive.sana.sy\/es\/wp-content\/uploads\/2023\/05\/Cueva-Moises-Damasco-destino-turistico-estilo-arquitectonico-unico-3.jpg\" class=\"attachment-full size-full\" alt=\"\" srcset=\"https:\/\/archive.sana.sy\/es\/wp-content\/uploads\/2023\/05\/Cueva-Moises-Damasco-destino-turistico-estilo-arquitectonico-unico-3.jpg 660w, https:\/\/archive.sana.sy\/es\/wp-content\/uploads\/2023\/05\/Cueva-Moises-Damasco-destino-turistico-estilo-arquitectonico-unico-3-300x200.jpg 300w, https:\/\/archive.sana.sy\/es\/wp-content\/uploads\/2023\/05\/Cueva-Moises-Damasco-destino-turistico-estilo-arquitectonico-unico-3-150x100.jpg 150w\" sizes=\"(max-width: 660px) 100vw, 660px\" \/><\/a>\n\t\t\t<\/div><\/figure><figure class='gallery-item'>\n\t\t\t<div class='gallery-icon landscape'>\n\t\t\t\t<a href='https:\/\/archive.sana.sy\/es\/?attachment_id=296753'><img loading=\"lazy\" decoding=\"async\" width=\"660\" height=\"440\" src=\"https:\/\/archive.sana.sy\/es\/wp-content\/uploads\/2023\/05\/Cueva-Moises-Damasco-destino-turistico-estilo-arquitectonico-unico-4.jpg\" class=\"attachment-full size-full\" alt=\"\" srcset=\"https:\/\/archive.sana.sy\/es\/wp-content\/uploads\/2023\/05\/Cueva-Moises-Damasco-destino-turistico-estilo-arquitectonico-unico-4.jpg 660w, https:\/\/archive.sana.sy\/es\/wp-content\/uploads\/2023\/05\/Cueva-Moises-Damasco-destino-turistico-estilo-arquitectonico-unico-4-300x200.jpg 300w, https:\/\/archive.sana.sy\/es\/wp-content\/uploads\/2023\/05\/Cueva-Moises-Damasco-destino-turistico-estilo-arquitectonico-unico-4-150x100.jpg 150w\" sizes=\"(max-width: 660px) 100vw, 660px\" \/><\/a>\n\t\t\t<\/div><\/figure>\n\t\t<\/div>\n\n","protected":false},"excerpt":{"rendered":"<p>Damasco, 08 may (SANA)<\/p>\n","protected":false},"author":39,"featured_media":296749,"comment_status":"closed","ping_status":"closed","sticky":false,"template":"","format":"standard","meta":{"footnotes":""},"categories":[597,625,623,571],"tags":[],"class_list":["post-296747","post","type-post","status-publish","format-standard","has-post-thumbnail","","category-cinta-de-noticias","category-fotos-fotos-sana","category-fotos-sana","category-siria-en-fotos"],"_links":{"self":[{"href":"https:\/\/archive.sana.sy\/es\/index.php?rest_route=\/wp\/v2\/posts\/296747"}],"collection":[{"href":"https:\/\/archive.sana.sy\/es\/index.php?rest_route=\/wp\/v2\/posts"}],"about":[{"href":"https:\/\/archive.sana.sy\/es\/index.php?rest_route=\/wp\/v2\/types\/post"}],"author":[{"embeddable":true,"href":"https:\/\/archive.sana.sy\/es\/index.php?rest_route=\/wp\/v2\/users\/39"}],"replies":[{"embeddable":true,"href":"https:\/\/archive.sana.sy\/es\/index.php?rest_route=%2Fwp%2Fv2%2Fcomments&post=296747"}],"version-history":[{"count":2,"href":"https:\/\/archive.sana.sy\/es\/index.php?rest_route=\/wp\/v2\/posts\/296747\/revisions"}],"predecessor-version":[{"id":296766,"href":"https:\/\/archive.sana.sy\/es\/index.php?rest_route=\/wp\/v2\/posts\/296747\/revisions\/296766"}],"wp:featuredmedia":[{"embeddable":true,"href":"https:\/\/archive.sana.sy\/es\/index.php?rest_route=\/wp\/v2\/media\/296749"}],"wp:attachment":[{"href":"https:\/\/archive.sana.sy\/es\/index.php?rest_route=%2Fwp%2Fv2%2Fmedia&parent=296747"}],"wp:term":[{"taxonomy":"category","embeddable":true,"href":"https:\/\/archive.sana.sy\/es\/index.php?rest_route=%2Fwp%2Fv2%2Fcategories&post=296747"},{"taxonomy":"post_tag","embeddable":true,"href":"https:\/\/archive.sana.sy\/es\/index.php?rest_route=%2Fwp%2Fv2%2Ftags&post=296747"}],"curies":[{"name":"wp","href":"https:\/\/api.w.org\/{rel}","templated":true}]}}