{"id":296767,"date":"2023-05-08T20:42:38","date_gmt":"2023-05-08T17:42:38","guid":{"rendered":"http:\/\/sana.sy\/es\/?p=296767"},"modified":"2023-05-08T20:42:38","modified_gmt":"2023-05-08T17:42:38","slug":"polonia-entrega-10-cazas-mig-29-al-regimen-de-kiev","status":"publish","type":"post","link":"https:\/\/archive.sana.sy\/es\/?p=296767","title":{"rendered":"Polonia entrega 10 cazas MiG-29 al r\u00e9gimen de Kiev"},"content":{"rendered":"<p style=\"text-align: justify;\"><span style=\"color: #800000;\"><strong>Varsovia, 8 may (SANA)\u00a0<\/strong><\/span> El ministro de Seguridad Nacional de Polonia, Mariusz Blaszczak, anunci\u00f3 que su pa\u00eds hab\u00eda entregado 10 cazas MiG-29 al r\u00e9gimen ucraniano.<\/p>\n<p style=\"text-align: justify;\">\u00a0\u201cEsta entrega se enmarcaba en el acuerdo con el gobierno alem\u00e1n, que permit\u00eda a Polonia reexportar aviones MiG-29 a Ucrania que Berl\u00edn hab\u00eda obtenido de Mosc\u00fa antes de la disoluci\u00f3n de la Alianza de Varsovia\u201d, dijo Plashczak desde Canad\u00e1, seg\u00fan divulg\u00f3 la agencia de noticias Novosti.<\/p>\n<p style=\"text-align: justify;\">En abril pasado, el presidente polaco, Andrzej Duda, anunci\u00f3 un plan para suministrar a Ucrania 14 cazas MiG-29, en el marco del continuo apoyo occidental al r\u00e9gimen de Kiev, lo que Mosc\u00fa consider\u00f3 un acto hostil que conducir\u00eda a una escalada y avivar\u00eda el conflicto.<\/p>\n<p style=\"text-align: justify;\">sm<\/p>\n","protected":false},"excerpt":{"rendered":"<p>Varsovia, 8 may (SANA)\u00a0 El ministro de Seguridad Nacional de Polonia, Mariusz Blaszczak, anunci\u00f3 que su pa\u00eds hab\u00eda entregado 10 cazas MiG-29 al r\u00e9gimen ucraniano. \u00a0\u201cEsta entrega se enmarcaba en el acuerdo con el gobierno alem\u00e1n, que permit\u00eda a Polonia reexportar aviones MiG-29 a Ucrania que Berl\u00edn hab\u00eda obtenido de Mosc\u00fa antes de la disoluci\u00f3n &hellip;<\/p>\n","protected":false},"author":39,"featured_media":296768,"comment_status":"closed","ping_status":"closed","sticky":false,"template":"","format":"standard","meta":{"footnotes":""},"categories":[597,456,16687,20724],"tags":[],"class_list":["post-296767","post","type-post","status-publish","format-standard","has-post-thumbnail","","category-cinta-de-noticias","category-arabe-internacional-politica","category-internacionales","category-minuto-a-minuto"],"_links":{"self":[{"href":"https:\/\/archive.sana.sy\/es\/index.php?rest_route=\/wp\/v2\/posts\/296767"}],"collection":[{"href":"https:\/\/archive.sana.sy\/es\/index.php?rest_route=\/wp\/v2\/posts"}],"about":[{"href":"https:\/\/archive.sana.sy\/es\/index.php?rest_route=\/wp\/v2\/types\/post"}],"author":[{"embeddable":true,"href":"https:\/\/archive.sana.sy\/es\/index.php?rest_route=\/wp\/v2\/users\/39"}],"replies":[{"embeddable":true,"href":"https:\/\/archive.sana.sy\/es\/index.php?rest_route=%2Fwp%2Fv2%2Fcomments&post=296767"}],"version-history":[{"count":1,"href":"https:\/\/archive.sana.sy\/es\/index.php?rest_route=\/wp\/v2\/posts\/296767\/revisions"}],"predecessor-version":[{"id":296769,"href":"https:\/\/archive.sana.sy\/es\/index.php?rest_route=\/wp\/v2\/posts\/296767\/revisions\/296769"}],"wp:featuredmedia":[{"embeddable":true,"href":"https:\/\/archive.sana.sy\/es\/index.php?rest_route=\/wp\/v2\/media\/296768"}],"wp:attachment":[{"href":"https:\/\/archive.sana.sy\/es\/index.php?rest_route=%2Fwp%2Fv2%2Fmedia&parent=296767"}],"wp:term":[{"taxonomy":"category","embeddable":true,"href":"https:\/\/archive.sana.sy\/es\/index.php?rest_route=%2Fwp%2Fv2%2Fcategories&post=296767"},{"taxonomy":"post_tag","embeddable":true,"href":"https:\/\/archive.sana.sy\/es\/index.php?rest_route=%2Fwp%2Fv2%2Ftags&post=296767"}],"curies":[{"name":"wp","href":"https:\/\/api.w.org\/{rel}","templated":true}]}}