{"id":296773,"date":"2023-05-08T21:33:26","date_gmt":"2023-05-08T18:33:26","guid":{"rendered":"http:\/\/sana.sy\/es\/?p=296773"},"modified":"2023-05-08T21:33:26","modified_gmt":"2023-05-08T18:33:26","slug":"celebran-en-paris-victoria-de-rusia-sobre-el-nazismo-en-la-segunda-guerra-mundial","status":"publish","type":"post","link":"https:\/\/archive.sana.sy\/es\/?p=296773","title":{"rendered":"Celebran en Par\u00eds victoria de Rusia sobre el nazismo en la Segunda Guerra Mundial"},"content":{"rendered":"<p style=\"text-align: justify;\"><span style=\"color: #800000;\"><strong>Par\u00eds, 08 may (SANA)\u00a0<\/strong><\/span> Hoy en Par\u00eds, se organiz\u00f3 la marcha del \u201cRegimiento Inmortal\u201d en solidaridad con Rusia y para celebrar el 78 aniversario de su victoria sobre el nazismo y el fascismo en Europa durante la Segunda Guerra Mundial.<\/p>\n<p style=\"text-align: justify;\">La agencia de noticias TASS inform\u00f3 que cientos de personas participaron en la marcha que se desplaz\u00f3 desde la plaza de Par\u00eds hacia el hist\u00f3rico cementerio P\u00e8re Lachaise, portando el bander\u00edn rojo de la victoria y las banderas de Rusia, Bielorrusia y Francia, y fotograf\u00edas de sus antecesores que cayeron durante su lucha contra el nazismo.<\/p>\n<p style=\"text-align: justify;\">El jefe del Consejo de Coordinaci\u00f3n de Ciudadanos Rusos en Par\u00eds dijo: \u201cLo que est\u00e1 sucediendo en Europa ahora a la luz de la crisis de Ucrania es un reflejo del olvido por parte de Occidente de los eventos de mayo de 1945, cuando la Alemania nazi fue derrotada\u201d.<\/p>\n<p style=\"text-align: justify;\">Asimismo, destac\u00f3 la necesidad de preservar la memoria de los antepasados que se sacrificaron por la paz.<\/p>\n<p style=\"text-align: justify;\">sm<\/p>\n","protected":false},"excerpt":{"rendered":"<p>Par\u00eds, 08 may (SANA)\u00a0 Hoy en Par\u00eds, se organiz\u00f3 la marcha del \u201cRegimiento Inmortal\u201d en solidaridad con Rusia y para celebrar el 78 aniversario de su victoria sobre el nazismo y el fascismo en Europa durante la Segunda Guerra Mundial. La agencia de noticias TASS inform\u00f3 que cientos de personas participaron en la marcha que &hellip;<\/p>\n","protected":false},"author":39,"featured_media":296774,"comment_status":"closed","ping_status":"closed","sticky":false,"template":"","format":"standard","meta":{"footnotes":""},"categories":[597,456,16687,20724],"tags":[],"class_list":["post-296773","post","type-post","status-publish","format-standard","has-post-thumbnail","","category-cinta-de-noticias","category-arabe-internacional-politica","category-internacionales","category-minuto-a-minuto"],"_links":{"self":[{"href":"https:\/\/archive.sana.sy\/es\/index.php?rest_route=\/wp\/v2\/posts\/296773"}],"collection":[{"href":"https:\/\/archive.sana.sy\/es\/index.php?rest_route=\/wp\/v2\/posts"}],"about":[{"href":"https:\/\/archive.sana.sy\/es\/index.php?rest_route=\/wp\/v2\/types\/post"}],"author":[{"embeddable":true,"href":"https:\/\/archive.sana.sy\/es\/index.php?rest_route=\/wp\/v2\/users\/39"}],"replies":[{"embeddable":true,"href":"https:\/\/archive.sana.sy\/es\/index.php?rest_route=%2Fwp%2Fv2%2Fcomments&post=296773"}],"version-history":[{"count":1,"href":"https:\/\/archive.sana.sy\/es\/index.php?rest_route=\/wp\/v2\/posts\/296773\/revisions"}],"predecessor-version":[{"id":296775,"href":"https:\/\/archive.sana.sy\/es\/index.php?rest_route=\/wp\/v2\/posts\/296773\/revisions\/296775"}],"wp:featuredmedia":[{"embeddable":true,"href":"https:\/\/archive.sana.sy\/es\/index.php?rest_route=\/wp\/v2\/media\/296774"}],"wp:attachment":[{"href":"https:\/\/archive.sana.sy\/es\/index.php?rest_route=%2Fwp%2Fv2%2Fmedia&parent=296773"}],"wp:term":[{"taxonomy":"category","embeddable":true,"href":"https:\/\/archive.sana.sy\/es\/index.php?rest_route=%2Fwp%2Fv2%2Fcategories&post=296773"},{"taxonomy":"post_tag","embeddable":true,"href":"https:\/\/archive.sana.sy\/es\/index.php?rest_route=%2Fwp%2Fv2%2Ftags&post=296773"}],"curies":[{"name":"wp","href":"https:\/\/api.w.org\/{rel}","templated":true}]}}