{"id":29678,"date":"2015-09-08T16:03:16","date_gmt":"2015-09-08T13:03:16","guid":{"rendered":"http:\/\/sana.sy\/es\/?p=29678"},"modified":"2015-09-08T16:03:16","modified_gmt":"2015-09-08T13:03:16","slug":"rohani-el-futuro-de-siria-lo-decide-el-pueblo-sirio","status":"publish","type":"post","link":"https:\/\/archive.sana.sy\/es\/?p=29678","title":{"rendered":"Rohani: el futuro de Siria lo decide el pueblo sirio"},"content":{"rendered":"<p><span style=\"color: #800000\">Teher\u00e1n, SANA<\/span><\/p>\n<p>El Presidente de Ir\u00e1n, Hassan Rohani, afirm\u00f3 que el futuro de Siria lo decide el pueblo sirio y ning\u00fan gobierno debe intervenir en este asunto.<\/p>\n<p>En una rueda de prensa conjunta mantenido este martes en Teher\u00e1n, con su hom\u00f3logo de Austria, Heinz Fischer, el mandatario iran\u00ed reafirm\u00f3 que todos los pa\u00edses deben ayudar a Siria para combatir el terrorismo y consolidar la seguridad y la estabilidad.<br \/>\nAmbos mandatarios elogiaron la conclusi\u00f3n de los di\u00e1logos nucleares Ir\u00e1n-Grupo 5+1.<\/p>\n<p>En este sentido, Rohani agradeci\u00f3 la \u201cbuena hospitalidad\u201d de Austria en acoger los di\u00e1logos entre Ir\u00e1n y el Sexteto y solicit\u00f3 el fortalecimiento de lazos bilaterales entre los dos pueblos.<\/p>\n<p><span style=\"color: #00ccff\">Fady M., Hala B.<\/span><\/p>\n<p>&nbsp;<\/p>\n","protected":false},"excerpt":{"rendered":"<p>Teher\u00e1n, SANA El Presidente de Ir\u00e1n, Hassan Rohani, afirm\u00f3 que el futuro de Siria lo decide el pueblo sirio y ning\u00fan gobierno debe intervenir en este asunto. En una rueda de prensa conjunta mantenido este martes en Teher\u00e1n, con su hom\u00f3logo de Austria, Heinz Fischer, el mandatario iran\u00ed reafirm\u00f3 que todos los pa\u00edses deben ayudar &hellip;<\/p>\n","protected":false},"author":1,"featured_media":29679,"comment_status":"closed","ping_status":"closed","sticky":false,"template":"","format":"standard","meta":{"footnotes":""},"categories":[456,457,576],"tags":[6575],"class_list":["post-29678","post","type-post","status-publish","format-standard","has-post-thumbnail","","category-arabe-internacional-politica","category-noticias-arabe-internacional-politica","category-noticias-politicas","tag-rohani-el-futuro-de-siria-lo-decide-el-pueblo-sirio"],"_links":{"self":[{"href":"https:\/\/archive.sana.sy\/es\/index.php?rest_route=\/wp\/v2\/posts\/29678"}],"collection":[{"href":"https:\/\/archive.sana.sy\/es\/index.php?rest_route=\/wp\/v2\/posts"}],"about":[{"href":"https:\/\/archive.sana.sy\/es\/index.php?rest_route=\/wp\/v2\/types\/post"}],"author":[{"embeddable":true,"href":"https:\/\/archive.sana.sy\/es\/index.php?rest_route=\/wp\/v2\/users\/1"}],"replies":[{"embeddable":true,"href":"https:\/\/archive.sana.sy\/es\/index.php?rest_route=%2Fwp%2Fv2%2Fcomments&post=29678"}],"version-history":[{"count":0,"href":"https:\/\/archive.sana.sy\/es\/index.php?rest_route=\/wp\/v2\/posts\/29678\/revisions"}],"wp:featuredmedia":[{"embeddable":true,"href":"https:\/\/archive.sana.sy\/es\/index.php?rest_route=\/wp\/v2\/media\/29679"}],"wp:attachment":[{"href":"https:\/\/archive.sana.sy\/es\/index.php?rest_route=%2Fwp%2Fv2%2Fmedia&parent=29678"}],"wp:term":[{"taxonomy":"category","embeddable":true,"href":"https:\/\/archive.sana.sy\/es\/index.php?rest_route=%2Fwp%2Fv2%2Fcategories&post=29678"},{"taxonomy":"post_tag","embeddable":true,"href":"https:\/\/archive.sana.sy\/es\/index.php?rest_route=%2Fwp%2Fv2%2Ftags&post=29678"}],"curies":[{"name":"wp","href":"https:\/\/api.w.org\/{rel}","templated":true}]}}