{"id":296781,"date":"2023-05-09T07:59:59","date_gmt":"2023-05-09T04:59:59","guid":{"rendered":"http:\/\/sana.sy\/es\/?p=296781"},"modified":"2023-05-09T08:49:33","modified_gmt":"2023-05-09T05:49:33","slug":"al-menos-12-palestinos-muertos-por-incursiones-aereas-del-ocupante-israeli-contra-gaza","status":"publish","type":"post","link":"https:\/\/archive.sana.sy\/es\/?p=296781","title":{"rendered":"Al menos 12 palestinos muertos por incursiones a\u00e9reas del ocupante israel\u00ed contra Gaza"},"content":{"rendered":"<p style=\"text-align: justify;\"><span style=\"color: #800000;\"><strong>Jerusal\u00e9n ocupada, 9 may (SANA)<\/strong><\/span> Al menos 12 palestinos murieron y m\u00e1s de 20 resultaron heridos, algunos de gravedad, por incursiones a\u00e9reas realizadas en la madrugada de este martes, por las fuerzas de ocupaci\u00f3n israel\u00edes contra distintas zonas de la Franja de Gaza.<\/p>\n<p style=\"text-align: justify;\">De acuerdo a reportes de la agencia Wafa, los aviones de combate lanzaron una serie de incursiones contra apartamentos residenciales y algunas \u00e1reas en las ciudades de Gaza, Rafah y Khan Yunis en el centro y norte de la Franja.<\/p>\n<p style=\"text-align: justify;\">Entre las v\u00edctimas de los bombardeos figuran ni\u00f1os y mujeres, y la cifra de v\u00edctimas podr\u00eda aumentar.<\/p>\n<p style=\"text-align: justify;\"><strong>fm\/ws<\/strong><\/p>\n","protected":false},"excerpt":{"rendered":"<p>Jerusal\u00e9n ocupada, 9 may (SANA) Al menos 12 palestinos murieron y m\u00e1s de 20 resultaron heridos, algunos de gravedad, por incursiones a\u00e9reas realizadas en la madrugada de este martes, por las fuerzas de ocupaci\u00f3n israel\u00edes contra distintas zonas de la Franja de Gaza. De acuerdo a reportes de la agencia Wafa, los aviones de combate &hellip;<\/p>\n","protected":false},"author":35,"featured_media":296792,"comment_status":"closed","ping_status":"closed","sticky":false,"template":"","format":"standard","meta":{"footnotes":""},"categories":[597,456,16687,20724,7541],"tags":[],"class_list":["post-296781","post","type-post","status-publish","format-standard","has-post-thumbnail","","category-cinta-de-noticias","category-arabe-internacional-politica","category-internacionales","category-minuto-a-minuto","category-ultimas-noticias"],"_links":{"self":[{"href":"https:\/\/archive.sana.sy\/es\/index.php?rest_route=\/wp\/v2\/posts\/296781"}],"collection":[{"href":"https:\/\/archive.sana.sy\/es\/index.php?rest_route=\/wp\/v2\/posts"}],"about":[{"href":"https:\/\/archive.sana.sy\/es\/index.php?rest_route=\/wp\/v2\/types\/post"}],"author":[{"embeddable":true,"href":"https:\/\/archive.sana.sy\/es\/index.php?rest_route=\/wp\/v2\/users\/35"}],"replies":[{"embeddable":true,"href":"https:\/\/archive.sana.sy\/es\/index.php?rest_route=%2Fwp%2Fv2%2Fcomments&post=296781"}],"version-history":[{"count":2,"href":"https:\/\/archive.sana.sy\/es\/index.php?rest_route=\/wp\/v2\/posts\/296781\/revisions"}],"predecessor-version":[{"id":296793,"href":"https:\/\/archive.sana.sy\/es\/index.php?rest_route=\/wp\/v2\/posts\/296781\/revisions\/296793"}],"wp:featuredmedia":[{"embeddable":true,"href":"https:\/\/archive.sana.sy\/es\/index.php?rest_route=\/wp\/v2\/media\/296792"}],"wp:attachment":[{"href":"https:\/\/archive.sana.sy\/es\/index.php?rest_route=%2Fwp%2Fv2%2Fmedia&parent=296781"}],"wp:term":[{"taxonomy":"category","embeddable":true,"href":"https:\/\/archive.sana.sy\/es\/index.php?rest_route=%2Fwp%2Fv2%2Fcategories&post=296781"},{"taxonomy":"post_tag","embeddable":true,"href":"https:\/\/archive.sana.sy\/es\/index.php?rest_route=%2Fwp%2Fv2%2Ftags&post=296781"}],"curies":[{"name":"wp","href":"https:\/\/api.w.org\/{rel}","templated":true}]}}