{"id":296788,"date":"2023-05-09T08:13:11","date_gmt":"2023-05-09T05:13:11","guid":{"rendered":"http:\/\/sana.sy\/es\/?p=296788"},"modified":"2023-05-09T08:13:11","modified_gmt":"2023-05-09T05:13:11","slug":"fuerzas-rusas-listas-para-lanzar-ofensiva-en-zaporozhie","status":"publish","type":"post","link":"https:\/\/archive.sana.sy\/es\/?p=296788","title":{"rendered":"Fuerzas rusas listas para lanzar ofensiva en Zaporozhie"},"content":{"rendered":"<p style=\"text-align: justify;\"><span style=\"color: #800000;\"><strong>Mosc\u00fa, 8 may (SANA)<\/strong><\/span>\u00a0 Las fuerzas rusas est\u00e1n preparadas para contener la presi\u00f3n de las Fuerzas Armadas de Ucrania en la regi\u00f3n de Zaporozhie y pasar a la ofensiva.<\/p>\n<p style=\"text-align: justify;\">El gobernador interino de la provincia hom\u00f3nima, Evgueni Balitski, dijo en una entrevista concedida al canal Krym 24, que \u201clos ej\u00e9rcitos 58 y 35 est\u00e1n preparados para contener al enemigo y, adem\u00e1s, para lanzar una ofensiva, porque tenemos fuerzas y medios suficientes\u00bb.<\/p>\n<p style=\"text-align: justify;\">Seg\u00fan Balitski, \u00aben cuanto nuestras tropas liberen las partes temporalmente ocupadas de la regi\u00f3n de Zaporozhie, las autoridades regionales enviar\u00edan all\u00ed la administraci\u00f3n, que ha conformado incluso los presupuestos y preparado al personal\u201d.<\/p>\n<p style=\"text-align: justify;\">Igualmente, el gobernador comunic\u00f3 que decidieron suspender el funcionamiento de los reactores de la central nuclear de Zaporozhie para evitar provocaciones de las Fuerzas Armadas de Ucrania.<\/p>\n<p style=\"text-align: justify;\"><strong>fm\/ws<\/strong><\/p>\n","protected":false},"excerpt":{"rendered":"<p>Mosc\u00fa, 8 may (SANA)\u00a0 Las fuerzas rusas est\u00e1n preparadas para contener la presi\u00f3n de las Fuerzas Armadas de Ucrania en la regi\u00f3n de Zaporozhie y pasar a la ofensiva. El gobernador interino de la provincia hom\u00f3nima, Evgueni Balitski, dijo en una entrevista concedida al canal Krym 24, que \u201clos ej\u00e9rcitos 58 y 35 est\u00e1n preparados &hellip;<\/p>\n","protected":false},"author":35,"featured_media":296789,"comment_status":"closed","ping_status":"closed","sticky":false,"template":"","format":"standard","meta":{"footnotes":""},"categories":[597,456,16687,20724,7541],"tags":[],"class_list":["post-296788","post","type-post","status-publish","format-standard","has-post-thumbnail","","category-cinta-de-noticias","category-arabe-internacional-politica","category-internacionales","category-minuto-a-minuto","category-ultimas-noticias"],"_links":{"self":[{"href":"https:\/\/archive.sana.sy\/es\/index.php?rest_route=\/wp\/v2\/posts\/296788"}],"collection":[{"href":"https:\/\/archive.sana.sy\/es\/index.php?rest_route=\/wp\/v2\/posts"}],"about":[{"href":"https:\/\/archive.sana.sy\/es\/index.php?rest_route=\/wp\/v2\/types\/post"}],"author":[{"embeddable":true,"href":"https:\/\/archive.sana.sy\/es\/index.php?rest_route=\/wp\/v2\/users\/35"}],"replies":[{"embeddable":true,"href":"https:\/\/archive.sana.sy\/es\/index.php?rest_route=%2Fwp%2Fv2%2Fcomments&post=296788"}],"version-history":[{"count":1,"href":"https:\/\/archive.sana.sy\/es\/index.php?rest_route=\/wp\/v2\/posts\/296788\/revisions"}],"predecessor-version":[{"id":296790,"href":"https:\/\/archive.sana.sy\/es\/index.php?rest_route=\/wp\/v2\/posts\/296788\/revisions\/296790"}],"wp:featuredmedia":[{"embeddable":true,"href":"https:\/\/archive.sana.sy\/es\/index.php?rest_route=\/wp\/v2\/media\/296789"}],"wp:attachment":[{"href":"https:\/\/archive.sana.sy\/es\/index.php?rest_route=%2Fwp%2Fv2%2Fmedia&parent=296788"}],"wp:term":[{"taxonomy":"category","embeddable":true,"href":"https:\/\/archive.sana.sy\/es\/index.php?rest_route=%2Fwp%2Fv2%2Fcategories&post=296788"},{"taxonomy":"post_tag","embeddable":true,"href":"https:\/\/archive.sana.sy\/es\/index.php?rest_route=%2Fwp%2Fv2%2Ftags&post=296788"}],"curies":[{"name":"wp","href":"https:\/\/api.w.org\/{rel}","templated":true}]}}