{"id":2968,"date":"2014-06-17T13:10:48","date_gmt":"2014-06-17T10:10:48","guid":{"rendered":"http:\/\/sanasyria.org\/es\/?p=2968"},"modified":"2014-06-17T13:10:48","modified_gmt":"2014-06-17T10:10:48","slug":"patriarca-laham-los-paises-que-apoyan-el-terrorismo-en-siria-deben-asumir-sus-responsabilidades","status":"publish","type":"post","link":"https:\/\/archive.sana.sy\/es\/?p=2968","title":{"rendered":"Patriarca Laham: los pa\u00edses que apoyan el terrorismo en Siria deben asumir sus responsabilidades"},"content":{"rendered":"<div class=\"text-grey11-e\" align=\"left\">\n<p align=\"justify\"><span style=\"color: #800000;font-family: Verdana;font-size: medium\">Beirut, SANA <\/span><\/p>\n<p align=\"justify\"><span style=\"font-family: Verdana;font-size: medium\">El Patriarca de Antioqu\u00eda y todo Oriente para la Iglesia Melquita-cat\u00f3lica, Gregorio III Laham, afirm\u00f3 que los pa\u00edses que apoyan el terrorismo deben asumir sus responsabilidades respecto a la guerra terrorista que se libra contra Siria y detener el flujo de armas a los terroristas y a los grupos armados. <\/span><\/p>\n<p align=\"justify\"><span style=\"font-family: Verdana;font-size: medium\">En su serm\u00f3n durante la apertura del S\u00ednodo de la Iglesia Melquita Cat\u00f3lica en el &#8220;Monte L\u00edbano&#8221;, el Patriarca llam\u00f3 al pueblo sirio de todas las sectas, a que se apegue al suelo y eche profundas ra\u00edces a pesar de todo lo que sucede de genocidio, destrucci\u00f3n, desplazamiento y secuestrado a consecuencia de esta guerra terrorista que lleva ya m\u00e1s de tres a\u00f1os&#8221;. <\/span><\/p>\n<p align=\"justify\"><span style=\"font-family: Verdana;font-size: medium\">Su eminencia revel\u00f3 que los grupos terroristas mataron a tres personas en Maloula porque declararon su fe y se negaron a abandonarla. <\/span><\/p>\n<p align=\"justify\"><span style=\"font-family: Verdana;font-size: medium\">Por \u00faltimo, el patriarca Laham explic\u00f3 que este S\u00ednodo es para estudiar la situaci\u00f3n que atraviesan Siria, Irak y otros pa\u00edses, esperando que la seguridad a Egipto con la elecci\u00f3n de un nuevo presidente. <\/span><\/p>\n<p align=\"justify\"><span style=\"color: #0000ff;font-family: Verdana;font-size: medium\">Fady M., Hala B.<\/span><\/p>\n<\/div>\n","protected":false},"excerpt":{"rendered":"<p>Beirut, SANA El Patriarca de Antioqu\u00eda y todo Oriente para la Iglesia Melquita-cat\u00f3lica, Gregorio III Laham, afirm\u00f3 que los pa\u00edses que apoyan el terrorismo deben asumir sus responsabilidades respecto a la guerra terrorista que se libra contra Siria y detener el flujo de armas a los terroristas y a los grupos armados. En su serm\u00f3n &hellip;<\/p>\n","protected":false},"author":1,"featured_media":2969,"comment_status":"closed","ping_status":"closed","sticky":false,"template":"","format":"standard","meta":{"footnotes":""},"categories":[456,576],"tags":[672],"class_list":["post-2968","post","type-post","status-publish","format-standard","has-post-thumbnail","","category-arabe-internacional-politica","category-noticias-politicas","tag-patriarca-laham-los-paises-que-apoyan-el-terrorismo-en-siria-deben-asumir-sus-responsabilidades"],"_links":{"self":[{"href":"https:\/\/archive.sana.sy\/es\/index.php?rest_route=\/wp\/v2\/posts\/2968"}],"collection":[{"href":"https:\/\/archive.sana.sy\/es\/index.php?rest_route=\/wp\/v2\/posts"}],"about":[{"href":"https:\/\/archive.sana.sy\/es\/index.php?rest_route=\/wp\/v2\/types\/post"}],"author":[{"embeddable":true,"href":"https:\/\/archive.sana.sy\/es\/index.php?rest_route=\/wp\/v2\/users\/1"}],"replies":[{"embeddable":true,"href":"https:\/\/archive.sana.sy\/es\/index.php?rest_route=%2Fwp%2Fv2%2Fcomments&post=2968"}],"version-history":[{"count":0,"href":"https:\/\/archive.sana.sy\/es\/index.php?rest_route=\/wp\/v2\/posts\/2968\/revisions"}],"wp:featuredmedia":[{"embeddable":true,"href":"https:\/\/archive.sana.sy\/es\/index.php?rest_route=\/wp\/v2\/media\/2969"}],"wp:attachment":[{"href":"https:\/\/archive.sana.sy\/es\/index.php?rest_route=%2Fwp%2Fv2%2Fmedia&parent=2968"}],"wp:term":[{"taxonomy":"category","embeddable":true,"href":"https:\/\/archive.sana.sy\/es\/index.php?rest_route=%2Fwp%2Fv2%2Fcategories&post=2968"},{"taxonomy":"post_tag","embeddable":true,"href":"https:\/\/archive.sana.sy\/es\/index.php?rest_route=%2Fwp%2Fv2%2Ftags&post=2968"}],"curies":[{"name":"wp","href":"https:\/\/api.w.org\/{rel}","templated":true}]}}